{"id":5581,"date":"2022-04-08T15:18:56","date_gmt":"2022-04-08T15:18:56","guid":{"rendered":"http:\/\/94.46.14.215\/~quadrisol\/?p=5581"},"modified":"2022-10-21T10:25:17","modified_gmt":"2022-10-21T10:25:17","slug":"quadrisol-em-discurso-direto","status":"publish","type":"post","link":"https:\/\/www.quadrisol.pt\/en\/quadrisol-em-discurso-direto\/","title":{"rendered":"Quadrisol in interview in \"O Electricista\" magazine"},"content":{"rendered":"<div data-elementor-type=\"wp-post\" data-elementor-id=\"5581\" class=\"elementor elementor-5581\">\n\t\t\t\t\t\t<section class=\"elementor-section elementor-top-section elementor-element elementor-element-fe00e62 elementor-section-boxed elementor-section-height-default elementor-section-height-default qodef-elementor-content-no\" data-id=\"fe00e62\" data-element_type=\"section\">\n\t\t\t\t\t\t<div class=\"elementor-container elementor-column-gap-default\">\n\t\t\t\t\t<div class=\"elementor-column elementor-col-100 elementor-top-column elementor-element elementor-element-4b14346\" data-id=\"4b14346\" data-element_type=\"column\">\n\t\t\t<div class=\"elementor-widget-wrap elementor-element-populated\">\n\t\t\t\t\t\t<div class=\"elementor-element elementor-element-7cbc0fc elementor-widget elementor-widget-qi_addons_for_elementor_testimonials_list\" data-id=\"7cbc0fc\" data-element_type=\"widget\" data-widget_type=\"qi_addons_for_elementor_testimonials_list.default\">\n\t\t\t\t<div class=\"elementor-widget-container\">\n\t\t\t\t\t<div class=\"qodef-shortcode qodef-m qodef-qi-testimonials-list qodef-qi-grid qodef-layout--qi-columns qodef-col-num--1 qodef-item-layout--side-quote qodef-responsive--predefined\">\n\t<div class=\"qodef-grid-inner\">\n\t\t<div class=\"qodef-e qodef-grid-item elementor-repeater-item-441d9af\">\n\t<div class=\"qodef-e-inner\">\n\t\t\t<div class=\"qodef-e-quote\">\n\t\t<svg class=\"qodef-e-quote-icon\" xmlns=\"http:\/\/www.w3.org\/2000\/svg\" x=\"0px\" y=\"0px\" viewbox=\"0 0 190.5 148\" xml:space=\"preserve\"><g><path d=\"M37.7,146.3L2.1,124.6C19.3,100,28.2,74.1,28.8,46.7V2.3H90v38.8c0,19.3-5,38.8-15.1,58.4C64.9,119,52.5,134.6,37.7,146.3z M133.7,146.3l-35.6-21.7c17.2-24.5,26.2-50.5,26.8-77.9V2.3h61.2v38.8c0,19.3-5,38.8-15.1,58.4C160.9,119,148.5,134.6,133.7,146.3z\"\/><\/g><\/svg>\t<\/div>\n\t\t\t<div class=\"qodef-e-content\">\n\t\t\t\t<h3 itemprop=\"description\" class=\"qodef-e-text\">We truly believe that regardless of business size, the one with the best product wins<\/h3>\n\t\t\t<div class=\"qodef-e-bottom-info\">\n\t\t\t\t\t\t\t\t\t<div class=\"qodef-e-author\">\n\t\t<h5 class=\"qodef-e-author-name\">Ivo Pogeira<\/h5>\n\t\t\t\t\t<span class=\"qodef-e-author-job\">CEO Quadrisol<\/span>\n\t\t\t<\/div>\n\t\t\t<\/div>\n\t\t<\/div>\n\t<\/div>\n<\/div>\n\t<\/div>\n<\/div>\n\t\t\t\t<\/div>\n\t\t\t\t<\/div>\n\t\t\t\t<div class=\"elementor-element elementor-element-3235371 elementor-widget elementor-widget-text-editor\" data-id=\"3235371\" data-element_type=\"widget\" data-widget_type=\"text-editor.default\">\n\t\t\t\t<div class=\"elementor-widget-container\">\n\t\t\t\t\t\t\t\t\t<p>Already entitled by some as the Portuguese Silicon Valley, the city of Braga is prodigious in \"manufacturing\" companies that stand out in the national and international scene. Quadrisol, founded in 2009, lives up to this tradition and already ranks among the top 10 Portuguese Quadrisol companies.<\/p><p>Iniciando a sua atividade na <a href=\"https:\/\/www.quadrisol.pt\/en\/quadros-eletricos\/\">produ\u00e7\u00e3o e eletrifica\u00e7\u00e3o de quadros el\u00e9tricos<\/a>, apostou num crescimento sustentado em pilares estrat\u00e9gicos como a qualidade do produto, pol\u00edtica de pre\u00e7o e excel\u00eancia no servi\u00e7o, efetuando paralelamente o alargamento da sua atividade a outras \u00e1reas da eletrotecnia.<\/p><p>Today, it aims to inscribe its name among the top 5 Portuguese Quadristas.<\/p>\t\t\t\t\t\t\t\t<\/div>\n\t\t\t\t<\/div>\n\t\t\t\t<div class=\"elementor-element elementor-element-76ff8fe elementor-widget elementor-widget-text-editor\" data-id=\"76ff8fe\" data-element_type=\"widget\" data-widget_type=\"text-editor.default\">\n\t\t\t\t<div class=\"elementor-widget-container\">\n\t\t\t\t\t\t\t\t\t<p><strong>Magazine \"o Electricista\" (oe): What is the path of Quadrisol until today and what has it done over the years?<\/strong><\/p><p>Quadrisol (Q): We are a young and dynamic company, formed by professionals with extensive experience in the areas of domestic and industrial electrical installations, home automation and photovoltaic systems. Aimed at responding to all electrotechnical requests, we provide the best solutions in the relationship product, price, service, bringing value to our customers. Initially focused on the electrification of power boards, the genesis of our activity, we soon invested in areas complementary to our business. <em>core\u00ad\u2011business<\/em>making it more sustainable and with added value. We see ourselves as a benchmark Quadrista at national level, investing in sustained growth, based on strategic pillars such as innovation, profitability, quality and technological development of products and production processes. We have installed capacity for the supply of solutions <em>standard<\/em> or <em>tailor\u00admade<\/em> fully adapted to the needs of the energy, HVAC, environment, industrial, commercial and transport sectors.<\/p>\t\t\t\t\t\t\t\t<\/div>\n\t\t\t\t<\/div>\n\t\t\t\t<div class=\"elementor-element elementor-element-87fae78 elementor-widget elementor-widget-text-editor\" data-id=\"87fae78\" data-element_type=\"widget\" data-widget_type=\"text-editor.default\">\n\t\t\t\t<div class=\"elementor-widget-container\">\n\t\t\t\t\t\t\t\t\t<p><strong>oe: The company has been growing throughout these years. What has been determinant for this growth?<\/strong><\/p><p><strong>Q:<\/strong> A Quadrisol surge num per\u00edodo temporal ensombrado por uma crise econ\u00f3mica que atinge primeiramente os Estados Unidos da Am\u00e9rica e se ramifica para a Europa, afetando significativamente o seu mercado alvo (setor da constru\u00e7\u00e3o civil e obras p\u00fablicas). Aliado a este fator, eramos \u00e0 \u00e9poca uns perfeitos desconhecidos para o mercado, pois n\u00e3o descend\u00edamos de nenhum player j\u00e1 estabelecido. Ora posto isto, o caminho avizinhava\u2011se sinuoso e nada f\u00e1cil. T\u00ednhamos, desde logo, a perfeita no\u00e7\u00e3o que para vingar ter\u00edamos que apresentar uma estrat\u00e9gia assente em tr\u00eas vetores chave: qualidade do produto, pol\u00edtica de pre\u00e7o e excel\u00eancia no servi\u00e7o. Garantimos desde logo um servi\u00e7o pautado pelo escrupuloso cumprimento de prazos e um minucioso acompanhamento do cliente pr\u00e9 e p\u00f3s venda; A qualidade do produto foi assegurada pela contrata\u00e7\u00e3o de um corpo t\u00e9cnico com elevada experi\u00eancia e know\u2011how intensivo no setor, aliados \u00e0 normaliza\u00e7\u00e3o de m\u00e9todos e processos de conce\u00e7\u00e3o; o pre\u00e7o foi a soma das partes, pois desta forma conseguimos diminuir os nossos custos de produ\u00e7\u00e3o e consequentemente obter uma coer\u00eancia ao n\u00edvel do pre\u00e7o final, com claro benef\u00edcio para o cliente.<\/p>\t\t\t\t\t\t\t\t<\/div>\n\t\t\t\t<\/div>\n\t\t\t\t\t<\/div>\n\t\t<\/div>\n\t\t\t\t\t<\/div>\n\t\t<\/section>\n\t\t\t\t<section class=\"elementor-section elementor-top-section elementor-element elementor-element-72d88c7 elementor-section-boxed elementor-section-height-default elementor-section-height-default qodef-elementor-content-no\" data-id=\"72d88c7\" data-element_type=\"section\">\n\t\t\t\t\t\t<div class=\"elementor-container elementor-column-gap-default\">\n\t\t\t\t\t<div class=\"elementor-column elementor-col-100 elementor-top-column elementor-element elementor-element-a42c3b9\" data-id=\"a42c3b9\" data-element_type=\"column\">\n\t\t\t<div class=\"elementor-widget-wrap elementor-element-populated\">\n\t\t\t\t\t\t<div class=\"elementor-element elementor-element-385507b elementor-widget elementor-widget-text-editor\" data-id=\"385507b\" data-element_type=\"widget\" data-widget_type=\"text-editor.default\">\n\t\t\t\t<div class=\"elementor-widget-container\">\n\t\t\t\t\t\t\t\t\t<p><strong>oe: Which work do you highlight in Quadrisol's portfolio and why?<\/strong><\/p><p><strong>Q:<\/strong> For a company with 6 years of activity, all works are fundamental inputs for our affirmation and growth. We hold in our portfolio a multiplicity of public and private interventions, in the most diverse sectors of activity:<\/p><ul><li>Escola Secund\u00e1ria Jos\u00e9 R\u00e9gio (Vila do Conde);<\/li><li>Escola Secund\u00e1ria Fontes Pereira de Melo (Vila do Conde);<\/li><li>Escola Secund\u00e1ria de Moura;<\/li><li>Escola Superior de Comunica\u00e7\u00e3o, Administra\u00e7\u00e3o e Turismo de Mirandela;<\/li><li>Centro Escolar de Salvaterra de Magos;<\/li><li>Escola Secund\u00e1ria Seomara da Costa Primo (Amadora);<\/li><li>Escola Secund\u00e1ria Dr. Francisco Sanches (Braga);<\/li><li>Escola Secund\u00e1ria Dr. J\u00falio Martins (Chaves)<\/li><li>Hangar da Everjets (Aeroporto Francisco S\u00e1 Carneiro);<\/li><li>Continente de Salvaterra de Magos;<\/li><li>Continente de Lamego;<\/li><li>Decathlon Guimar\u00e3es;<\/li><li>Decathlon Torres Vedras;<\/li><li>Centro C\u00edvico Avan\u00e7ado de Luanda;<\/li><li>Aproveitamento Hidroel\u00e9trico do Baixo Sabor;<\/li><li>Central fotovoltaica de Riba de Ave (2,4 MW);<\/li><li>ETAR de Tavira;<\/li><li>ETAR de Alcantarilha;<\/li><li>Reabilita\u00e7\u00e3o da Fortaleza de Nossa Senhora da Concei\u00e7\u00e3o (P\u00f3voa de Varzim);<\/li><li>Lisbon 8 building (Reabilita\u00e7\u00e3o do antigo edif\u00edcio dos CTT Lisboa).<\/li><\/ul><p>This is the philosophy that has been with us since the very first hour and, by the way, a winning one.<\/p>\t\t\t\t\t\t\t\t<\/div>\n\t\t\t\t<\/div>\n\t\t\t\t<section class=\"elementor-section elementor-inner-section elementor-element elementor-element-4f19b91 elementor-section-boxed elementor-section-height-default elementor-section-height-default qodef-elementor-content-no\" data-id=\"4f19b91\" data-element_type=\"section\">\n\t\t\t\t\t\t<div class=\"elementor-container elementor-column-gap-default\">\n\t\t\t\t\t<div class=\"elementor-column elementor-col-50 elementor-inner-column elementor-element elementor-element-3b093ef\" data-id=\"3b093ef\" data-element_type=\"column\">\n\t\t\t<div class=\"elementor-widget-wrap elementor-element-populated\">\n\t\t\t\t\t\t<div class=\"elementor-element elementor-element-612e5e3 elementor-widget elementor-widget-image\" data-id=\"612e5e3\" data-element_type=\"widget\" data-widget_type=\"image.default\">\n\t\t\t\t<div class=\"elementor-widget-container\">\n\t\t\t\t\t\t\t\t\t\t\t\t\t\t\t<img decoding=\"async\" src=\"https:\/\/www.quadrisol.pt\/wp-content\/uploads\/elementor\/thumbs\/solar-panel-closeup-PB8MRR5-pnoug218x03wbr5nrk4f6gednk45zoktbx93j7b7y8.jpg\" title=\"solar-panel-closeup-PB8MRR5\" alt=\"solar-panel-closeup-PB8MRR5\" loading=\"lazy\" \/>\t\t\t\t\t\t\t\t\t\t\t\t\t\t\t<\/div>\n\t\t\t\t<\/div>\n\t\t\t\t\t<\/div>\n\t\t<\/div>\n\t\t\t\t<div class=\"elementor-column elementor-col-50 elementor-inner-column elementor-element elementor-element-9630300\" data-id=\"9630300\" data-element_type=\"column\">\n\t\t\t<div class=\"elementor-widget-wrap elementor-element-populated\">\n\t\t\t\t\t\t<div class=\"elementor-element elementor-element-953c0c4 elementor-widget elementor-widget-image\" data-id=\"953c0c4\" data-element_type=\"widget\" data-widget_type=\"image.default\">\n\t\t\t\t<div class=\"elementor-widget-container\">\n\t\t\t\t\t\t\t\t\t\t\t\t\t\t\t<img decoding=\"async\" src=\"https:\/\/www.quadrisol.pt\/wp-content\/uploads\/elementor\/thumbs\/quadrisol-portfolio2-pnoux1y6i5dk9wgtiemjrnzgdec46n22o1y6yc3xfk.jpg\" title=\"quadrisol-portfolio2\" alt=\"quadrisol-portfolio2\" loading=\"lazy\" \/>\t\t\t\t\t\t\t\t\t\t\t\t\t\t\t<\/div>\n\t\t\t\t<\/div>\n\t\t\t\t\t<\/div>\n\t\t<\/div>\n\t\t\t\t\t<\/div>\n\t\t<\/section>\n\t\t\t\t<div class=\"elementor-element elementor-element-703ebf3 elementor-widget elementor-widget-text-editor\" data-id=\"703ebf3\" data-element_type=\"widget\" data-widget_type=\"text-editor.default\">\n\t\t\t\t<div class=\"elementor-widget-container\">\n\t\t\t\t\t\t\t\t\t<p><strong>oe: What has been the strategy to face the competition?<\/strong><\/p><p><strong>Q:<\/strong> We truly believe that regardless of business size, whoever has the best product and provides the best service wins. It is in the quality of service and product, as well as in the pricing policy, that we come to develop winning products.<\/p><p>We also emphasize the focus on diversification in relation to the core area, translating into a competitive advantage, because in an increasingly demanding and global market it is imperative to present a consistent and robust offer, reducing the dependence on niches.<\/p>\t\t\t\t\t\t\t\t<\/div>\n\t\t\t\t<\/div>\n\t\t\t\t<div class=\"elementor-element elementor-element-6631f9d elementor-widget elementor-widget-text-editor\" data-id=\"6631f9d\" data-element_type=\"widget\" data-widget_type=\"text-editor.default\">\n\t\t\t\t<div class=\"elementor-widget-container\">\n\t\t\t\t\t\t\t\t\t<p><strong>oe: Are you working in new business areas to fill the lack of dynamism in the civil construction and public works market?<\/strong><\/p><p><strong>Q:<\/strong> Still in a tenuous and scattered way, the construction sector is showing some signs of improvement, and a gradual recovery is expected. Quadrisol, as previously mentioned, was born in the midst of the greatest crisis in construction, which led to a search for alternative solutions, reducing its dependence on this sector.<\/p><p>Although we can't give any details, because we are still in the testing phases, we are committed to creating solutions aimed at the environmental and industrial sectors, always in articulation with our prime area (electrical boards).<\/p>\t\t\t\t\t\t\t\t<\/div>\n\t\t\t\t<\/div>\n\t\t\t\t<div class=\"elementor-element elementor-element-eab1c45 elementor-widget elementor-widget-text-editor\" data-id=\"eab1c45\" data-element_type=\"widget\" data-widget_type=\"text-editor.default\">\n\t\t\t\t<div class=\"elementor-widget-container\">\n\t\t\t\t\t\t\t\t\t<p><strong>oe: Besides the national market, are there other markets in prospect? Which ones?<\/strong><\/p><p><strong>Q:<\/strong> The expansion to new markets is a dossier that we have been carefully studying, intending it to be a natural consequence of the position in the national market. As a result of international missions, supported by feedback from local partners, we consider some surgical opportunities in less explored markets.<\/p>\t\t\t\t\t\t\t\t<\/div>\n\t\t\t\t<\/div>\n\t\t\t\t<div class=\"elementor-element elementor-element-6df3776 elementor-widget elementor-widget-text-editor\" data-id=\"6df3776\" data-element_type=\"widget\" data-widget_type=\"text-editor.default\">\n\t\t\t\t<div class=\"elementor-widget-container\">\n\t\t\t\t\t\t\t\t\t<p><strong>oe: What future challenges await Quadrisol?<\/strong><\/p><p><strong>Q:<\/strong> Despite the adverse macroeconomic framework, our great challenge is to increasingly consolidate our strategic position in the domestic market and strengthen partnerships for the launch of international operations. We will continue to maintain strict control of treasury in order to minimise possible losses and deviations. In terms of growth, we have outlined a double-digit evolution for this year and the coming years, based on the portfolio of projects in the pipeline.<\/p>\t\t\t\t\t\t\t\t<\/div>\n\t\t\t\t<\/div>\n\t\t\t\t\t<\/div>\n\t\t<\/div>\n\t\t\t\t\t<\/div>\n\t\t<\/section>\n\t\t\t\t<\/div>","protected":false},"excerpt":{"rendered":"<p>acreditamos verdadeiramente que independentemente da dimens\u00e3o empresarial, vence quem tem o melhor produto Ivo Pogeira CEO Quadrisol J\u00e1 intitulada por alguns como a Silicon Valley Portuguesa, a cidade de Braga \u00e9 prodiga em \u201cfabricar\u201d empresas que se destacam no panorama nacional e internacional. A Quadrisol, fundada em 2009, faz jus a essa tradi\u00e7\u00e3o e figura [&hellip;]<\/p>","protected":false},"author":1,"featured_media":5592,"comment_status":"closed","ping_status":"closed","sticky":false,"template":"","format":"standard","meta":{"footnotes":""},"categories":[16],"tags":[],"class_list":["post-5581","post","type-post","status-publish","format-standard","has-post-thumbnail","hentry","category-institucional"],"yoast_head":"<!-- This site is optimized with the Yoast SEO plugin v27.5 - https:\/\/yoast.com\/product\/yoast-seo-wordpress\/ -->\n<title>quadrisol na revista o electrecista<\/title>\n<meta name=\"description\" content=\"J\u00e1 intitulada por alguns como a Silicon Valley Portuguesa, a cidade de Braga \u00e9 prodiga em \u201cfabricar\u201d empresas que se destacam no panorama...\" \/>\n<meta name=\"robots\" content=\"index, follow, max-snippet:-1, max-image-preview:large, max-video-preview:-1\" \/>\n<link rel=\"canonical\" href=\"https:\/\/www.quadrisol.pt\/en\/quadrisol-em-discurso-direto\/\" \/>\n<meta property=\"og:locale\" content=\"en_GB\" \/>\n<meta property=\"og:type\" content=\"article\" \/>\n<meta property=\"og:title\" content=\"Quadrisol em discurso direto na revista &quot;O Electricista&quot;\" \/>\n<meta property=\"og:description\" content=\"J\u00e1 intitulada por alguns como a Silicon Valley Portuguesa, a cidade de Braga \u00e9 prodiga em \u201cfabricar\u201d empresas que se destacam no panorama...\" \/>\n<meta property=\"og:url\" content=\"https:\/\/www.quadrisol.pt\/en\/quadrisol-em-discurso-direto\/\" \/>\n<meta property=\"og:site_name\" content=\"Quadrisol\" \/>\n<meta property=\"article:published_time\" content=\"2022-04-08T15:18:56+00:00\" \/>\n<meta property=\"article:modified_time\" content=\"2022-10-21T10:25:17+00:00\" \/>\n<meta property=\"og:image\" content=\"https:\/\/www.quadrisol.pt\/wp-content\/uploads\/2022\/03\/01.jpg\" \/>\n\t<meta property=\"og:image:width\" content=\"1300\" \/>\n\t<meta property=\"og:image:height\" content=\"765\" \/>\n\t<meta property=\"og:image:type\" content=\"image\/jpeg\" \/>\n<meta name=\"author\" content=\"admin\" \/>\n<meta name=\"twitter:card\" content=\"summary_large_image\" \/>\n<meta name=\"twitter:label1\" content=\"Written by\" \/>\n\t<meta name=\"twitter:data1\" content=\"admin\" \/>\n\t<meta name=\"twitter:label2\" content=\"Estimated reading time\" \/>\n\t<meta name=\"twitter:data2\" content=\"6 minutes\" \/>\n<script type=\"application\/ld+json\" class=\"yoast-schema-graph\">{\"@context\":\"https:\\\/\\\/schema.org\",\"@graph\":[{\"@type\":\"Article\",\"@id\":\"https:\\\/\\\/www.quadrisol.pt\\\/quadrisol-em-discurso-direto\\\/#article\",\"isPartOf\":{\"@id\":\"https:\\\/\\\/www.quadrisol.pt\\\/quadrisol-em-discurso-direto\\\/\"},\"author\":{\"name\":\"admin\",\"@id\":\"https:\\\/\\\/www.quadrisol.pt\\\/#\\\/schema\\\/person\\\/daf36022c84336f02eb529ad07da83bc\"},\"headline\":\"Quadrisol em entrevista na revista &#8220;O Electricista&#8221;\",\"datePublished\":\"2022-04-08T15:18:56+00:00\",\"dateModified\":\"2022-10-21T10:25:17+00:00\",\"mainEntityOfPage\":{\"@id\":\"https:\\\/\\\/www.quadrisol.pt\\\/quadrisol-em-discurso-direto\\\/\"},\"wordCount\":1121,\"publisher\":{\"@id\":\"https:\\\/\\\/www.quadrisol.pt\\\/#organization\"},\"image\":{\"@id\":\"https:\\\/\\\/www.quadrisol.pt\\\/quadrisol-em-discurso-direto\\\/#primaryimage\"},\"thumbnailUrl\":\"https:\\\/\\\/www.quadrisol.pt\\\/wp-content\\\/uploads\\\/2022\\\/03\\\/01.jpg\",\"articleSection\":[\"Institucional\"],\"inLanguage\":\"en-GB\"},{\"@type\":\"WebPage\",\"@id\":\"https:\\\/\\\/www.quadrisol.pt\\\/quadrisol-em-discurso-direto\\\/\",\"url\":\"https:\\\/\\\/www.quadrisol.pt\\\/quadrisol-em-discurso-direto\\\/\",\"name\":\"quadrisol na revista o electrecista\",\"isPartOf\":{\"@id\":\"https:\\\/\\\/www.quadrisol.pt\\\/#website\"},\"primaryImageOfPage\":{\"@id\":\"https:\\\/\\\/www.quadrisol.pt\\\/quadrisol-em-discurso-direto\\\/#primaryimage\"},\"image\":{\"@id\":\"https:\\\/\\\/www.quadrisol.pt\\\/quadrisol-em-discurso-direto\\\/#primaryimage\"},\"thumbnailUrl\":\"https:\\\/\\\/www.quadrisol.pt\\\/wp-content\\\/uploads\\\/2022\\\/03\\\/01.jpg\",\"datePublished\":\"2022-04-08T15:18:56+00:00\",\"dateModified\":\"2022-10-21T10:25:17+00:00\",\"description\":\"J\u00e1 intitulada por alguns como a Silicon Valley Portuguesa, a cidade de Braga \u00e9 prodiga em \u201cfabricar\u201d empresas que se destacam no panorama...\",\"breadcrumb\":{\"@id\":\"https:\\\/\\\/www.quadrisol.pt\\\/quadrisol-em-discurso-direto\\\/#breadcrumb\"},\"inLanguage\":\"en-GB\",\"potentialAction\":[{\"@type\":\"ReadAction\",\"target\":[\"https:\\\/\\\/www.quadrisol.pt\\\/quadrisol-em-discurso-direto\\\/\"]}]},{\"@type\":\"ImageObject\",\"inLanguage\":\"en-GB\",\"@id\":\"https:\\\/\\\/www.quadrisol.pt\\\/quadrisol-em-discurso-direto\\\/#primaryimage\",\"url\":\"https:\\\/\\\/www.quadrisol.pt\\\/wp-content\\\/uploads\\\/2022\\\/03\\\/01.jpg\",\"contentUrl\":\"https:\\\/\\\/www.quadrisol.pt\\\/wp-content\\\/uploads\\\/2022\\\/03\\\/01.jpg\",\"width\":1300,\"height\":765,\"caption\":\"o eletricista - blog\"},{\"@type\":\"BreadcrumbList\",\"@id\":\"https:\\\/\\\/www.quadrisol.pt\\\/quadrisol-em-discurso-direto\\\/#breadcrumb\",\"itemListElement\":[{\"@type\":\"ListItem\",\"position\":1,\"name\":\"Home\",\"item\":\"https:\\\/\\\/www.quadrisol.pt\\\/\"},{\"@type\":\"ListItem\",\"position\":2,\"name\":\"Quadrisol em entrevista na revista &#8220;O Electricista&#8221;\"}]},{\"@type\":\"WebSite\",\"@id\":\"https:\\\/\\\/www.quadrisol.pt\\\/#website\",\"url\":\"https:\\\/\\\/www.quadrisol.pt\\\/\",\"name\":\"Quadrisol\",\"description\":\"Quadros El\u00e9tricos - Fabricante de quadros el\u00e9tricos e distribuidor de sistemas fotovoltaicos\",\"publisher\":{\"@id\":\"https:\\\/\\\/www.quadrisol.pt\\\/#organization\"},\"potentialAction\":[{\"@type\":\"SearchAction\",\"target\":{\"@type\":\"EntryPoint\",\"urlTemplate\":\"https:\\\/\\\/www.quadrisol.pt\\\/?s={search_term_string}\"},\"query-input\":{\"@type\":\"PropertyValueSpecification\",\"valueRequired\":true,\"valueName\":\"search_term_string\"}}],\"inLanguage\":\"en-GB\"},{\"@type\":\"Organization\",\"@id\":\"https:\\\/\\\/www.quadrisol.pt\\\/#organization\",\"name\":\"Quadrisol\",\"url\":\"https:\\\/\\\/www.quadrisol.pt\\\/\",\"logo\":{\"@type\":\"ImageObject\",\"inLanguage\":\"en-GB\",\"@id\":\"https:\\\/\\\/www.quadrisol.pt\\\/#\\\/schema\\\/logo\\\/image\\\/\",\"url\":\"https:\\\/\\\/www.quadrisol.pt\\\/wp-content\\\/uploads\\\/2022\\\/03\\\/cropped-logo-topo.png\",\"contentUrl\":\"https:\\\/\\\/www.quadrisol.pt\\\/wp-content\\\/uploads\\\/2022\\\/03\\\/cropped-logo-topo.png\",\"width\":601,\"height\":123,\"caption\":\"Quadrisol\"},\"image\":{\"@id\":\"https:\\\/\\\/www.quadrisol.pt\\\/#\\\/schema\\\/logo\\\/image\\\/\"},\"sameAs\":[\"https:\\\/\\\/pt.linkedin.com\\\/company\\\/quadrisol\"]},{\"@type\":\"Person\",\"@id\":\"https:\\\/\\\/www.quadrisol.pt\\\/#\\\/schema\\\/person\\\/daf36022c84336f02eb529ad07da83bc\",\"name\":\"admin\",\"sameAs\":[\"http:\\\/\\\/www.quadrisol.pt\"],\"url\":\"https:\\\/\\\/www.quadrisol.pt\\\/en\\\/author\\\/admin\\\/\"}]}<\/script>\n<!-- \/ Yoast SEO plugin. -->","yoast_head_json":{"title":"quadrisol na revista o electrecista","description":"J\u00e1 intitulada por alguns como a Silicon Valley Portuguesa, a cidade de Braga \u00e9 prodiga em \u201cfabricar\u201d empresas que se destacam no panorama...","robots":{"index":"index","follow":"follow","max-snippet":"max-snippet:-1","max-image-preview":"max-image-preview:large","max-video-preview":"max-video-preview:-1"},"canonical":"https:\/\/www.quadrisol.pt\/en\/quadrisol-em-discurso-direto\/","og_locale":"en_GB","og_type":"article","og_title":"Quadrisol em discurso direto na revista \"O Electricista\"","og_description":"J\u00e1 intitulada por alguns como a Silicon Valley Portuguesa, a cidade de Braga \u00e9 prodiga em \u201cfabricar\u201d empresas que se destacam no panorama...","og_url":"https:\/\/www.quadrisol.pt\/en\/quadrisol-em-discurso-direto\/","og_site_name":"Quadrisol","article_published_time":"2022-04-08T15:18:56+00:00","article_modified_time":"2022-10-21T10:25:17+00:00","og_image":[{"width":1300,"height":765,"url":"https:\/\/www.quadrisol.pt\/wp-content\/uploads\/2022\/03\/01.jpg","type":"image\/jpeg"}],"author":"admin","twitter_card":"summary_large_image","twitter_misc":{"Written by":"admin","Estimated reading time":"6 minutes"},"schema":{"@context":"https:\/\/schema.org","@graph":[{"@type":"Article","@id":"https:\/\/www.quadrisol.pt\/quadrisol-em-discurso-direto\/#article","isPartOf":{"@id":"https:\/\/www.quadrisol.pt\/quadrisol-em-discurso-direto\/"},"author":{"name":"admin","@id":"https:\/\/www.quadrisol.pt\/#\/schema\/person\/daf36022c84336f02eb529ad07da83bc"},"headline":"Quadrisol em entrevista na revista &#8220;O Electricista&#8221;","datePublished":"2022-04-08T15:18:56+00:00","dateModified":"2022-10-21T10:25:17+00:00","mainEntityOfPage":{"@id":"https:\/\/www.quadrisol.pt\/quadrisol-em-discurso-direto\/"},"wordCount":1121,"publisher":{"@id":"https:\/\/www.quadrisol.pt\/#organization"},"image":{"@id":"https:\/\/www.quadrisol.pt\/quadrisol-em-discurso-direto\/#primaryimage"},"thumbnailUrl":"https:\/\/www.quadrisol.pt\/wp-content\/uploads\/2022\/03\/01.jpg","articleSection":["Institucional"],"inLanguage":"en-GB"},{"@type":"WebPage","@id":"https:\/\/www.quadrisol.pt\/quadrisol-em-discurso-direto\/","url":"https:\/\/www.quadrisol.pt\/quadrisol-em-discurso-direto\/","name":"quadrisol na revista o electrecista","isPartOf":{"@id":"https:\/\/www.quadrisol.pt\/#website"},"primaryImageOfPage":{"@id":"https:\/\/www.quadrisol.pt\/quadrisol-em-discurso-direto\/#primaryimage"},"image":{"@id":"https:\/\/www.quadrisol.pt\/quadrisol-em-discurso-direto\/#primaryimage"},"thumbnailUrl":"https:\/\/www.quadrisol.pt\/wp-content\/uploads\/2022\/03\/01.jpg","datePublished":"2022-04-08T15:18:56+00:00","dateModified":"2022-10-21T10:25:17+00:00","description":"J\u00e1 intitulada por alguns como a Silicon Valley Portuguesa, a cidade de Braga \u00e9 prodiga em \u201cfabricar\u201d empresas que se destacam no panorama...","breadcrumb":{"@id":"https:\/\/www.quadrisol.pt\/quadrisol-em-discurso-direto\/#breadcrumb"},"inLanguage":"en-GB","potentialAction":[{"@type":"ReadAction","target":["https:\/\/www.quadrisol.pt\/quadrisol-em-discurso-direto\/"]}]},{"@type":"ImageObject","inLanguage":"en-GB","@id":"https:\/\/www.quadrisol.pt\/quadrisol-em-discurso-direto\/#primaryimage","url":"https:\/\/www.quadrisol.pt\/wp-content\/uploads\/2022\/03\/01.jpg","contentUrl":"https:\/\/www.quadrisol.pt\/wp-content\/uploads\/2022\/03\/01.jpg","width":1300,"height":765,"caption":"o eletricista - blog"},{"@type":"BreadcrumbList","@id":"https:\/\/www.quadrisol.pt\/quadrisol-em-discurso-direto\/#breadcrumb","itemListElement":[{"@type":"ListItem","position":1,"name":"Home","item":"https:\/\/www.quadrisol.pt\/"},{"@type":"ListItem","position":2,"name":"Quadrisol em entrevista na revista &#8220;O Electricista&#8221;"}]},{"@type":"WebSite","@id":"https:\/\/www.quadrisol.pt\/#website","url":"https:\/\/www.quadrisol.pt\/","name":"Quadrisol","description":"Quadros El\u00e9tricos - Fabricante de quadros el\u00e9tricos e distribuidor de sistemas fotovoltaicos","publisher":{"@id":"https:\/\/www.quadrisol.pt\/#organization"},"potentialAction":[{"@type":"SearchAction","target":{"@type":"EntryPoint","urlTemplate":"https:\/\/www.quadrisol.pt\/?s={search_term_string}"},"query-input":{"@type":"PropertyValueSpecification","valueRequired":true,"valueName":"search_term_string"}}],"inLanguage":"en-GB"},{"@type":"Organization","@id":"https:\/\/www.quadrisol.pt\/#organization","name":"Quadrisol","url":"https:\/\/www.quadrisol.pt\/","logo":{"@type":"ImageObject","inLanguage":"en-GB","@id":"https:\/\/www.quadrisol.pt\/#\/schema\/logo\/image\/","url":"https:\/\/www.quadrisol.pt\/wp-content\/uploads\/2022\/03\/cropped-logo-topo.png","contentUrl":"https:\/\/www.quadrisol.pt\/wp-content\/uploads\/2022\/03\/cropped-logo-topo.png","width":601,"height":123,"caption":"Quadrisol"},"image":{"@id":"https:\/\/www.quadrisol.pt\/#\/schema\/logo\/image\/"},"sameAs":["https:\/\/pt.linkedin.com\/company\/quadrisol"]},{"@type":"Person","@id":"https:\/\/www.quadrisol.pt\/#\/schema\/person\/daf36022c84336f02eb529ad07da83bc","name":"admin","sameAs":["http:\/\/www.quadrisol.pt"],"url":"https:\/\/www.quadrisol.pt\/en\/author\/admin\/"}]}},"_links":{"self":[{"href":"https:\/\/www.quadrisol.pt\/en\/wp-json\/wp\/v2\/posts\/5581","targetHints":{"allow":["GET"]}}],"collection":[{"href":"https:\/\/www.quadrisol.pt\/en\/wp-json\/wp\/v2\/posts"}],"about":[{"href":"https:\/\/www.quadrisol.pt\/en\/wp-json\/wp\/v2\/types\/post"}],"author":[{"embeddable":true,"href":"https:\/\/www.quadrisol.pt\/en\/wp-json\/wp\/v2\/users\/1"}],"replies":[{"embeddable":true,"href":"https:\/\/www.quadrisol.pt\/en\/wp-json\/wp\/v2\/comments?post=5581"}],"version-history":[{"count":11,"href":"https:\/\/www.quadrisol.pt\/en\/wp-json\/wp\/v2\/posts\/5581\/revisions"}],"predecessor-version":[{"id":11583,"href":"https:\/\/www.quadrisol.pt\/en\/wp-json\/wp\/v2\/posts\/5581\/revisions\/11583"}],"wp:featuredmedia":[{"embeddable":true,"href":"https:\/\/www.quadrisol.pt\/en\/wp-json\/wp\/v2\/media\/5592"}],"wp:attachment":[{"href":"https:\/\/www.quadrisol.pt\/en\/wp-json\/wp\/v2\/media?parent=5581"}],"wp:term":[{"taxonomy":"category","embeddable":true,"href":"https:\/\/www.quadrisol.pt\/en\/wp-json\/wp\/v2\/categories?post=5581"},{"taxonomy":"post_tag","embeddable":true,"href":"https:\/\/www.quadrisol.pt\/en\/wp-json\/wp\/v2\/tags?post=5581"}],"curies":[{"name":"wp","href":"https:\/\/api.w.org\/{rel}","templated":true}]}}