{"id":11772,"date":"2022-12-20T10:18:04","date_gmt":"2022-12-20T10:18:04","guid":{"rendered":"https:\/\/www.quadrisol.pt\/?p=11772"},"modified":"2022-12-30T16:20:52","modified_gmt":"2022-12-30T16:20:52","slug":"renovaveis-minimizam-subida-da-eletricidade-para-consumidores-domesticos-e-empresariais","status":"publish","type":"post","link":"https:\/\/www.quadrisol.pt\/fr\/renovaveis-minimizam-subida-da-eletricidade-para-consumidores-domesticos-e-empresariais\/","title":{"rendered":"Renov\u00e1veis minimizam subida da eletricidade para consumidores dom\u00e9sticos e empresariais"},"content":{"rendered":"<div data-elementor-type=\"wp-post\" data-elementor-id=\"11772\" class=\"elementor elementor-11772\">\n\t\t\t\t\t\t<section class=\"elementor-section elementor-top-section elementor-element elementor-element-5573a40 elementor-section-boxed elementor-section-height-default elementor-section-height-default qodef-elementor-content-no\" data-id=\"5573a40\" data-element_type=\"section\">\n\t\t\t\t\t\t<div class=\"elementor-container elementor-column-gap-default\">\n\t\t\t\t\t<div class=\"elementor-column elementor-col-100 elementor-top-column elementor-element elementor-element-1b814a8\" data-id=\"1b814a8\" data-element_type=\"column\">\n\t\t\t<div class=\"elementor-widget-wrap elementor-element-populated\">\n\t\t\t\t\t\t<div class=\"elementor-element elementor-element-6b4318c elementor-widget elementor-widget-qi_addons_for_elementor_dropcaps\" data-id=\"6b4318c\" data-element_type=\"widget\" data-widget_type=\"qi_addons_for_elementor_dropcaps.default\">\n\t\t\t\t<div class=\"elementor-widget-container\">\n\t\t\t\t\t<div class=\"qodef-shortcode qodef-m qodef-qi-dropcaps\">\n\t\t\t<span class=\"qodef-m-letter\">\n\t\t\tD\t\t<\/span>\n\t\t<p class=\"qodef-m-text\">\n\t\t\te acordo com a ERSE, a redu\u00e7\u00e3o da tarifa de acesso \u00e0s redes contribuir\u00e1, em 2023, para uma diminui\u00e7\u00e3o de cerca de 55% na fatura final dos consumidores dom\u00e9sticos e de cerca de 30% na dos consumidores industriais.\t\t<\/p>\n\t<\/div>\n\t\t\t\t<\/div>\n\t\t\t\t<\/div>\n\t\t\t\t\t<\/div>\n\t\t<\/div>\n\t\t\t\t\t<\/div>\n\t\t<\/section>\n\t\t\t\t<section class=\"elementor-section elementor-top-section elementor-element elementor-element-3669600 elementor-section-boxed elementor-section-height-default elementor-section-height-default qodef-elementor-content-no\" data-id=\"3669600\" data-element_type=\"section\">\n\t\t\t\t\t\t<div class=\"elementor-container elementor-column-gap-default\">\n\t\t\t\t\t<div class=\"elementor-column elementor-col-100 elementor-top-column elementor-element elementor-element-4ca8b4e\" data-id=\"4ca8b4e\" data-element_type=\"column\">\n\t\t\t<div class=\"elementor-widget-wrap elementor-element-populated\">\n\t\t\t\t\t\t<div class=\"elementor-element elementor-element-a8a5b61 elementor-widget elementor-widget-text-editor\" data-id=\"a8a5b61\" data-element_type=\"widget\" data-widget_type=\"text-editor.default\">\n\t\t\t\t<div class=\"elementor-widget-container\">\n\t\t\t\t\t\t\t\t\t<p>As energias renov\u00e1veis v\u00e3o minimizar o impacto da subida anormal dos pre\u00e7os da eletricidade em 2023 numa altura em que continuam a ser registados valores muito elevados nos mercados grossistas europeus. Para a APREN &#8211; Associa\u00e7\u00e3o Portuguesa de Energias Renov\u00e1veis, esta \u00e9 uma das principais conclus\u00f5es da publica\u00e7\u00e3o, por parte da Entidade Reguladora dos Servi\u00e7os Energ\u00e9ticos (ERSE), das tarifas e pre\u00e7os a vigorar no pr\u00f3ximo ano no mercado regulado.<\/p><p>As tarifas de acesso \u00e0 rede voltam a cair em 2023 gra\u00e7as \u00e0s energias renov\u00e1veis, com benef\u00edcios para toda a tipologia de consumidores. A tarifa de Uso Global do Sistema, incorporada nesta \u00faltima, regista uma diminui\u00e7\u00e3o de 370%, face ao ano anterior, como resultado da diminui\u00e7\u00e3o dos Custos de Interesse Geral (CIEG), o que se traduz num benef\u00edcio para o Sistema El\u00e9trico Nacional muito significativo.<\/p><p>A redu\u00e7\u00e3o da tarifa de acesso \u00e0s redes contribuir\u00e1, em 2023, para uma diminui\u00e7\u00e3o de cerca de 55% na fatura final dos consumidores dom\u00e9sticos e para uma redu\u00e7\u00e3o de cerca de 30% na fatura final dos consumidores industriais. Alivia-se, assim, a press\u00e3o dos aumentos dos pre\u00e7os de eletricidade registados no mercado grossista e, consequentemente, dos pre\u00e7os finais pagos pelos clientes, tanto no mercado regulado, como no mercado liberalizado.<\/p><p>Em 2023 os consumidores dom\u00e9sticos ir\u00e3o beneficiar de um sobreganho de 2,5 mil milh\u00f5es de euros de receitas do diferencial de custo da PRE (Produ\u00e7\u00e3o em Regime Especial), maioritariamente renov\u00e1vel. Os valores pagos \u00e0s empresas produtoras de eletricidade que vendem a Produ\u00e7\u00e3o em Regime Especial (PRE) ao Comercializador de \u00daltimo Recurso (CUR) s\u00e3o mais baixos do que os valores da componente de energia dos pre\u00e7os de eletricidade registados atualmente no mercado grossista, o que permite que a diferen\u00e7a seja entregue ao sistema, gerando um verdadeiro sobreganho proporcionado pelas renov\u00e1veis.<\/p><p>Tamb\u00e9m os consumidores industriais ir\u00e3o colher os benef\u00edcios da inje\u00e7\u00e3o de cerca de 2 mil milh\u00f5es de euros nas tarifas de acesso \u00e0s redes em 2023.<\/p><p>Estes valores servir\u00e3o como almofada financeira face aos elevados pre\u00e7os registados no mercado grossista. Ainda assim, em janeiro de 2023 os consumidores em baixa tens\u00e3o normal, no mercado regulado, que serve de refer\u00eancia ao mercado liberalizado, v\u00e3o observar um ligeiro aumento m\u00e9dio de 1,6% em rela\u00e7\u00e3o aos pre\u00e7os em vigor em dezembro de 2022.<\/p><p>A varia\u00e7\u00e3o m\u00e9dia, face a 2022, \u00e9 na ordem dos 3,3%, mas poderia ser muito superior face \u00e0 atual conjuntura. Tendo em conta que a previs\u00e3o para a taxa de infla\u00e7\u00e3o, referente a 2022, aponta para os 10,5%, um aumento de 1,6% e 3,3% corresponde, na verdade, a uma redu\u00e7\u00e3o de impacto nos custos na ordem de 8,9% e 7,2%, respetivamente.<\/p><p>Os efeitos colaterais nos mercados de energia, decorrentes do prolongamento das tens\u00f5es geopol\u00edticas da guerra na Ucr\u00e2nia, explicam a manuten\u00e7\u00e3o do n\u00edvel anormalmente elevado dos pre\u00e7os de energia el\u00e9trica nos mercados grossistas, que dever\u00e3o manter-se em 2023.<\/p><p>Entre janeiro e novembro de 2022, Portugal foi o quarto pa\u00eds da Europa com maior incorpora\u00e7\u00e3o Renov\u00e1vel na gera\u00e7\u00e3o de eletricidade, com 54,4%.<\/p>\t\t\t\t\t\t\t\t<\/div>\n\t\t\t\t<\/div>\n\t\t\t\t\t<\/div>\n\t\t<\/div>\n\t\t\t\t\t<\/div>\n\t\t<\/section>\n\t\t\t\t<section class=\"elementor-section elementor-top-section elementor-element elementor-element-275e3c1 elementor-section-boxed elementor-section-height-default elementor-section-height-default qodef-elementor-content-no\" data-id=\"275e3c1\" data-element_type=\"section\">\n\t\t\t\t\t\t<div class=\"elementor-container elementor-column-gap-default\">\n\t\t\t\t\t<div class=\"elementor-column elementor-col-100 elementor-top-column elementor-element elementor-element-ba5d39f\" data-id=\"ba5d39f\" data-element_type=\"column\">\n\t\t\t<div class=\"elementor-widget-wrap elementor-element-populated\">\n\t\t\t\t\t\t<div class=\"elementor-element elementor-element-1b96440 elementor-widget elementor-widget-text-editor\" data-id=\"1b96440\" data-element_type=\"widget\" data-widget_type=\"text-editor.default\">\n\t\t\t\t<div class=\"elementor-widget-container\">\n\t\t\t\t\t\t\t\t\t<p>Adaptado de https:\/\/oinstalador.com\/Artigos\/447245-Renovaveis-minimizam-subida-da-eletricidade-para-consumidores-domesticos-e-empresariais.html<\/p>\t\t\t\t\t\t\t\t<\/div>\n\t\t\t\t<\/div>\n\t\t\t\t\t<\/div>\n\t\t<\/div>\n\t\t\t\t\t<\/div>\n\t\t<\/section>\n\t\t\t\t<\/div>","protected":false},"excerpt":{"rendered":"<p>D e acordo com a ERSE, a redu\u00e7\u00e3o da tarifa de acesso \u00e0s redes contribuir\u00e1, em 2023, para uma diminui\u00e7\u00e3o de cerca de 55% na fatura final dos consumidores dom\u00e9sticos e de cerca de 30% na dos consumidores industriais. As energias renov\u00e1veis v\u00e3o minimizar o impacto da subida anormal dos pre\u00e7os da eletricidade em 2023 [&hellip;]<\/p>","protected":false},"author":2,"featured_media":11773,"comment_status":"closed","ping_status":"closed","sticky":false,"template":"","format":"standard","meta":{"footnotes":""},"categories":[85],"tags":[],"class_list":["post-11772","post","type-post","status-publish","format-standard","has-post-thumbnail","hentry","category-fotovoltaico"],"yoast_head":"<!-- This site is optimized with the Yoast SEO plugin v27.5 - https:\/\/yoast.com\/product\/yoast-seo-wordpress\/ -->\n<title>Renov\u00e1veis minimizam subida da eletricidade para consumidores dom\u00e9sticos e empresariais - Quadrisol<\/title>\n<meta name=\"description\" content=\"De acordo com a ERSE, a redu\u00e7\u00e3o da tarifa de acesso \u00e0s redes contribuir\u00e1, em 2023, para uma diminui\u00e7\u00e3o de cerca de 55% na fatura final dos...\" \/>\n<meta name=\"robots\" content=\"index, follow, max-snippet:-1, max-image-preview:large, max-video-preview:-1\" \/>\n<link rel=\"canonical\" href=\"https:\/\/www.quadrisol.pt\/fr\/renovaveis-minimizam-subida-da-eletricidade-para-consumidores-domesticos-e-empresariais\/\" \/>\n<meta property=\"og:locale\" content=\"fr_FR\" \/>\n<meta property=\"og:type\" content=\"article\" \/>\n<meta property=\"og:title\" content=\"Renov\u00e1veis minimizam subida da eletricidade para consumidores dom\u00e9sticos e empresariais - Quadrisol\" \/>\n<meta property=\"og:description\" content=\"De acordo com a ERSE, a redu\u00e7\u00e3o da tarifa de acesso \u00e0s redes contribuir\u00e1, em 2023, para uma diminui\u00e7\u00e3o de cerca de 55% na fatura final dos...\" \/>\n<meta property=\"og:url\" content=\"https:\/\/www.quadrisol.pt\/fr\/renovaveis-minimizam-subida-da-eletricidade-para-consumidores-domesticos-e-empresariais\/\" \/>\n<meta property=\"og:site_name\" content=\"Quadrisol\" \/>\n<meta property=\"article:published_time\" content=\"2022-12-20T10:18:04+00:00\" \/>\n<meta property=\"article:modified_time\" content=\"2022-12-30T16:20:52+00:00\" \/>\n<meta property=\"og:image\" content=\"https:\/\/www.quadrisol.pt\/wp-content\/uploads\/2022\/12\/energias-renovaveis.jpg\" \/>\n\t<meta property=\"og:image:width\" content=\"1300\" \/>\n\t<meta property=\"og:image:height\" content=\"765\" \/>\n\t<meta property=\"og:image:type\" content=\"image\/jpeg\" \/>\n<meta name=\"author\" content=\"quadrisol-admin\" \/>\n<meta name=\"twitter:card\" content=\"summary_large_image\" \/>\n<meta name=\"twitter:label1\" content=\"\u00c9crit par\" \/>\n\t<meta name=\"twitter:data1\" content=\"quadrisol-admin\" \/>\n\t<meta name=\"twitter:label2\" content=\"Dur\u00e9e de lecture estim\u00e9e\" \/>\n\t<meta name=\"twitter:data2\" content=\"3 minutes\" \/>\n<script type=\"application\/ld+json\" class=\"yoast-schema-graph\">{\"@context\":\"https:\\\/\\\/schema.org\",\"@graph\":[{\"@type\":\"Article\",\"@id\":\"https:\\\/\\\/www.quadrisol.pt\\\/renovaveis-minimizam-subida-da-eletricidade-para-consumidores-domesticos-e-empresariais\\\/#article\",\"isPartOf\":{\"@id\":\"https:\\\/\\\/www.quadrisol.pt\\\/renovaveis-minimizam-subida-da-eletricidade-para-consumidores-domesticos-e-empresariais\\\/\"},\"author\":{\"name\":\"quadrisol-admin\",\"@id\":\"https:\\\/\\\/www.quadrisol.pt\\\/#\\\/schema\\\/person\\\/8bda54c560678075e0bccb85ff38709f\"},\"headline\":\"Renov\u00e1veis minimizam subida da eletricidade para consumidores dom\u00e9sticos e empresariais\",\"datePublished\":\"2022-12-20T10:18:04+00:00\",\"dateModified\":\"2022-12-30T16:20:52+00:00\",\"mainEntityOfPage\":{\"@id\":\"https:\\\/\\\/www.quadrisol.pt\\\/renovaveis-minimizam-subida-da-eletricidade-para-consumidores-domesticos-e-empresariais\\\/\"},\"wordCount\":588,\"publisher\":{\"@id\":\"https:\\\/\\\/www.quadrisol.pt\\\/#organization\"},\"image\":{\"@id\":\"https:\\\/\\\/www.quadrisol.pt\\\/renovaveis-minimizam-subida-da-eletricidade-para-consumidores-domesticos-e-empresariais\\\/#primaryimage\"},\"thumbnailUrl\":\"https:\\\/\\\/www.quadrisol.pt\\\/wp-content\\\/uploads\\\/2022\\\/12\\\/energias-renovaveis.jpg\",\"articleSection\":[\"Fotovoltaico\"],\"inLanguage\":\"fr-FR\"},{\"@type\":\"WebPage\",\"@id\":\"https:\\\/\\\/www.quadrisol.pt\\\/renovaveis-minimizam-subida-da-eletricidade-para-consumidores-domesticos-e-empresariais\\\/\",\"url\":\"https:\\\/\\\/www.quadrisol.pt\\\/renovaveis-minimizam-subida-da-eletricidade-para-consumidores-domesticos-e-empresariais\\\/\",\"name\":\"Renov\u00e1veis minimizam subida da eletricidade para consumidores dom\u00e9sticos e empresariais - Quadrisol\",\"isPartOf\":{\"@id\":\"https:\\\/\\\/www.quadrisol.pt\\\/#website\"},\"primaryImageOfPage\":{\"@id\":\"https:\\\/\\\/www.quadrisol.pt\\\/renovaveis-minimizam-subida-da-eletricidade-para-consumidores-domesticos-e-empresariais\\\/#primaryimage\"},\"image\":{\"@id\":\"https:\\\/\\\/www.quadrisol.pt\\\/renovaveis-minimizam-subida-da-eletricidade-para-consumidores-domesticos-e-empresariais\\\/#primaryimage\"},\"thumbnailUrl\":\"https:\\\/\\\/www.quadrisol.pt\\\/wp-content\\\/uploads\\\/2022\\\/12\\\/energias-renovaveis.jpg\",\"datePublished\":\"2022-12-20T10:18:04+00:00\",\"dateModified\":\"2022-12-30T16:20:52+00:00\",\"description\":\"De acordo com a ERSE, a redu\u00e7\u00e3o da tarifa de acesso \u00e0s redes contribuir\u00e1, em 2023, para uma diminui\u00e7\u00e3o de cerca de 55% na fatura final dos...\",\"breadcrumb\":{\"@id\":\"https:\\\/\\\/www.quadrisol.pt\\\/renovaveis-minimizam-subida-da-eletricidade-para-consumidores-domesticos-e-empresariais\\\/#breadcrumb\"},\"inLanguage\":\"fr-FR\",\"potentialAction\":[{\"@type\":\"ReadAction\",\"target\":[\"https:\\\/\\\/www.quadrisol.pt\\\/renovaveis-minimizam-subida-da-eletricidade-para-consumidores-domesticos-e-empresariais\\\/\"]}]},{\"@type\":\"ImageObject\",\"inLanguage\":\"fr-FR\",\"@id\":\"https:\\\/\\\/www.quadrisol.pt\\\/renovaveis-minimizam-subida-da-eletricidade-para-consumidores-domesticos-e-empresariais\\\/#primaryimage\",\"url\":\"https:\\\/\\\/www.quadrisol.pt\\\/wp-content\\\/uploads\\\/2022\\\/12\\\/energias-renovaveis.jpg\",\"contentUrl\":\"https:\\\/\\\/www.quadrisol.pt\\\/wp-content\\\/uploads\\\/2022\\\/12\\\/energias-renovaveis.jpg\",\"width\":1300,\"height\":765,\"caption\":\"energias renov\u00e1veis\"},{\"@type\":\"BreadcrumbList\",\"@id\":\"https:\\\/\\\/www.quadrisol.pt\\\/renovaveis-minimizam-subida-da-eletricidade-para-consumidores-domesticos-e-empresariais\\\/#breadcrumb\",\"itemListElement\":[{\"@type\":\"ListItem\",\"position\":1,\"name\":\"Home\",\"item\":\"https:\\\/\\\/www.quadrisol.pt\\\/\"},{\"@type\":\"ListItem\",\"position\":2,\"name\":\"Renov\u00e1veis minimizam subida da eletricidade para consumidores dom\u00e9sticos e empresariais\"}]},{\"@type\":\"WebSite\",\"@id\":\"https:\\\/\\\/www.quadrisol.pt\\\/#website\",\"url\":\"https:\\\/\\\/www.quadrisol.pt\\\/\",\"name\":\"Quadrisol\",\"description\":\"Quadros El\u00e9tricos - Fabricante de quadros el\u00e9tricos e distribuidor de sistemas fotovoltaicos\",\"publisher\":{\"@id\":\"https:\\\/\\\/www.quadrisol.pt\\\/#organization\"},\"potentialAction\":[{\"@type\":\"SearchAction\",\"target\":{\"@type\":\"EntryPoint\",\"urlTemplate\":\"https:\\\/\\\/www.quadrisol.pt\\\/?s={search_term_string}\"},\"query-input\":{\"@type\":\"PropertyValueSpecification\",\"valueRequired\":true,\"valueName\":\"search_term_string\"}}],\"inLanguage\":\"fr-FR\"},{\"@type\":\"Organization\",\"@id\":\"https:\\\/\\\/www.quadrisol.pt\\\/#organization\",\"name\":\"Quadrisol\",\"url\":\"https:\\\/\\\/www.quadrisol.pt\\\/\",\"logo\":{\"@type\":\"ImageObject\",\"inLanguage\":\"fr-FR\",\"@id\":\"https:\\\/\\\/www.quadrisol.pt\\\/#\\\/schema\\\/logo\\\/image\\\/\",\"url\":\"https:\\\/\\\/www.quadrisol.pt\\\/wp-content\\\/uploads\\\/2022\\\/03\\\/cropped-logo-topo.png\",\"contentUrl\":\"https:\\\/\\\/www.quadrisol.pt\\\/wp-content\\\/uploads\\\/2022\\\/03\\\/cropped-logo-topo.png\",\"width\":601,\"height\":123,\"caption\":\"Quadrisol\"},\"image\":{\"@id\":\"https:\\\/\\\/www.quadrisol.pt\\\/#\\\/schema\\\/logo\\\/image\\\/\"},\"sameAs\":[\"https:\\\/\\\/pt.linkedin.com\\\/company\\\/quadrisol\"]},{\"@type\":\"Person\",\"@id\":\"https:\\\/\\\/www.quadrisol.pt\\\/#\\\/schema\\\/person\\\/8bda54c560678075e0bccb85ff38709f\",\"name\":\"quadrisol-admin\",\"url\":\"https:\\\/\\\/www.quadrisol.pt\\\/fr\\\/author\\\/quadrisol-admin\\\/\"}]}<\/script>\n<!-- \/ Yoast SEO plugin. -->","yoast_head_json":{"title":"Renov\u00e1veis minimizam subida da eletricidade para consumidores dom\u00e9sticos e empresariais - Quadrisol","description":"De acordo com a ERSE, a redu\u00e7\u00e3o da tarifa de acesso \u00e0s redes contribuir\u00e1, em 2023, para uma diminui\u00e7\u00e3o de cerca de 55% na fatura final dos...","robots":{"index":"index","follow":"follow","max-snippet":"max-snippet:-1","max-image-preview":"max-image-preview:large","max-video-preview":"max-video-preview:-1"},"canonical":"https:\/\/www.quadrisol.pt\/fr\/renovaveis-minimizam-subida-da-eletricidade-para-consumidores-domesticos-e-empresariais\/","og_locale":"fr_FR","og_type":"article","og_title":"Renov\u00e1veis minimizam subida da eletricidade para consumidores dom\u00e9sticos e empresariais - Quadrisol","og_description":"De acordo com a ERSE, a redu\u00e7\u00e3o da tarifa de acesso \u00e0s redes contribuir\u00e1, em 2023, para uma diminui\u00e7\u00e3o de cerca de 55% na fatura final dos...","og_url":"https:\/\/www.quadrisol.pt\/fr\/renovaveis-minimizam-subida-da-eletricidade-para-consumidores-domesticos-e-empresariais\/","og_site_name":"Quadrisol","article_published_time":"2022-12-20T10:18:04+00:00","article_modified_time":"2022-12-30T16:20:52+00:00","og_image":[{"width":1300,"height":765,"url":"https:\/\/www.quadrisol.pt\/wp-content\/uploads\/2022\/12\/energias-renovaveis.jpg","type":"image\/jpeg"}],"author":"quadrisol-admin","twitter_card":"summary_large_image","twitter_misc":{"\u00c9crit par":"quadrisol-admin","Dur\u00e9e de lecture estim\u00e9e":"3 minutes"},"schema":{"@context":"https:\/\/schema.org","@graph":[{"@type":"Article","@id":"https:\/\/www.quadrisol.pt\/renovaveis-minimizam-subida-da-eletricidade-para-consumidores-domesticos-e-empresariais\/#article","isPartOf":{"@id":"https:\/\/www.quadrisol.pt\/renovaveis-minimizam-subida-da-eletricidade-para-consumidores-domesticos-e-empresariais\/"},"author":{"name":"quadrisol-admin","@id":"https:\/\/www.quadrisol.pt\/#\/schema\/person\/8bda54c560678075e0bccb85ff38709f"},"headline":"Renov\u00e1veis minimizam subida da eletricidade para consumidores dom\u00e9sticos e empresariais","datePublished":"2022-12-20T10:18:04+00:00","dateModified":"2022-12-30T16:20:52+00:00","mainEntityOfPage":{"@id":"https:\/\/www.quadrisol.pt\/renovaveis-minimizam-subida-da-eletricidade-para-consumidores-domesticos-e-empresariais\/"},"wordCount":588,"publisher":{"@id":"https:\/\/www.quadrisol.pt\/#organization"},"image":{"@id":"https:\/\/www.quadrisol.pt\/renovaveis-minimizam-subida-da-eletricidade-para-consumidores-domesticos-e-empresariais\/#primaryimage"},"thumbnailUrl":"https:\/\/www.quadrisol.pt\/wp-content\/uploads\/2022\/12\/energias-renovaveis.jpg","articleSection":["Fotovoltaico"],"inLanguage":"fr-FR"},{"@type":"WebPage","@id":"https:\/\/www.quadrisol.pt\/renovaveis-minimizam-subida-da-eletricidade-para-consumidores-domesticos-e-empresariais\/","url":"https:\/\/www.quadrisol.pt\/renovaveis-minimizam-subida-da-eletricidade-para-consumidores-domesticos-e-empresariais\/","name":"Renov\u00e1veis minimizam subida da eletricidade para consumidores dom\u00e9sticos e empresariais - Quadrisol","isPartOf":{"@id":"https:\/\/www.quadrisol.pt\/#website"},"primaryImageOfPage":{"@id":"https:\/\/www.quadrisol.pt\/renovaveis-minimizam-subida-da-eletricidade-para-consumidores-domesticos-e-empresariais\/#primaryimage"},"image":{"@id":"https:\/\/www.quadrisol.pt\/renovaveis-minimizam-subida-da-eletricidade-para-consumidores-domesticos-e-empresariais\/#primaryimage"},"thumbnailUrl":"https:\/\/www.quadrisol.pt\/wp-content\/uploads\/2022\/12\/energias-renovaveis.jpg","datePublished":"2022-12-20T10:18:04+00:00","dateModified":"2022-12-30T16:20:52+00:00","description":"De acordo com a ERSE, a redu\u00e7\u00e3o da tarifa de acesso \u00e0s redes contribuir\u00e1, em 2023, para uma diminui\u00e7\u00e3o de cerca de 55% na fatura final dos...","breadcrumb":{"@id":"https:\/\/www.quadrisol.pt\/renovaveis-minimizam-subida-da-eletricidade-para-consumidores-domesticos-e-empresariais\/#breadcrumb"},"inLanguage":"fr-FR","potentialAction":[{"@type":"ReadAction","target":["https:\/\/www.quadrisol.pt\/renovaveis-minimizam-subida-da-eletricidade-para-consumidores-domesticos-e-empresariais\/"]}]},{"@type":"ImageObject","inLanguage":"fr-FR","@id":"https:\/\/www.quadrisol.pt\/renovaveis-minimizam-subida-da-eletricidade-para-consumidores-domesticos-e-empresariais\/#primaryimage","url":"https:\/\/www.quadrisol.pt\/wp-content\/uploads\/2022\/12\/energias-renovaveis.jpg","contentUrl":"https:\/\/www.quadrisol.pt\/wp-content\/uploads\/2022\/12\/energias-renovaveis.jpg","width":1300,"height":765,"caption":"energias renov\u00e1veis"},{"@type":"BreadcrumbList","@id":"https:\/\/www.quadrisol.pt\/renovaveis-minimizam-subida-da-eletricidade-para-consumidores-domesticos-e-empresariais\/#breadcrumb","itemListElement":[{"@type":"ListItem","position":1,"name":"Home","item":"https:\/\/www.quadrisol.pt\/"},{"@type":"ListItem","position":2,"name":"Renov\u00e1veis minimizam subida da eletricidade para consumidores dom\u00e9sticos e empresariais"}]},{"@type":"WebSite","@id":"https:\/\/www.quadrisol.pt\/#website","url":"https:\/\/www.quadrisol.pt\/","name":"Quadrisol","description":"Quadros El\u00e9tricos - Fabricante de quadros el\u00e9tricos e distribuidor de sistemas fotovoltaicos","publisher":{"@id":"https:\/\/www.quadrisol.pt\/#organization"},"potentialAction":[{"@type":"SearchAction","target":{"@type":"EntryPoint","urlTemplate":"https:\/\/www.quadrisol.pt\/?s={search_term_string}"},"query-input":{"@type":"PropertyValueSpecification","valueRequired":true,"valueName":"search_term_string"}}],"inLanguage":"fr-FR"},{"@type":"Organization","@id":"https:\/\/www.quadrisol.pt\/#organization","name":"Quadrisol","url":"https:\/\/www.quadrisol.pt\/","logo":{"@type":"ImageObject","inLanguage":"fr-FR","@id":"https:\/\/www.quadrisol.pt\/#\/schema\/logo\/image\/","url":"https:\/\/www.quadrisol.pt\/wp-content\/uploads\/2022\/03\/cropped-logo-topo.png","contentUrl":"https:\/\/www.quadrisol.pt\/wp-content\/uploads\/2022\/03\/cropped-logo-topo.png","width":601,"height":123,"caption":"Quadrisol"},"image":{"@id":"https:\/\/www.quadrisol.pt\/#\/schema\/logo\/image\/"},"sameAs":["https:\/\/pt.linkedin.com\/company\/quadrisol"]},{"@type":"Person","@id":"https:\/\/www.quadrisol.pt\/#\/schema\/person\/8bda54c560678075e0bccb85ff38709f","name":"quadrisol-admin","url":"https:\/\/www.quadrisol.pt\/fr\/author\/quadrisol-admin\/"}]}},"_links":{"self":[{"href":"https:\/\/www.quadrisol.pt\/fr\/wp-json\/wp\/v2\/posts\/11772","targetHints":{"allow":["GET"]}}],"collection":[{"href":"https:\/\/www.quadrisol.pt\/fr\/wp-json\/wp\/v2\/posts"}],"about":[{"href":"https:\/\/www.quadrisol.pt\/fr\/wp-json\/wp\/v2\/types\/post"}],"author":[{"embeddable":true,"href":"https:\/\/www.quadrisol.pt\/fr\/wp-json\/wp\/v2\/users\/2"}],"replies":[{"embeddable":true,"href":"https:\/\/www.quadrisol.pt\/fr\/wp-json\/wp\/v2\/comments?post=11772"}],"version-history":[{"count":11,"href":"https:\/\/www.quadrisol.pt\/fr\/wp-json\/wp\/v2\/posts\/11772\/revisions"}],"predecessor-version":[{"id":11786,"href":"https:\/\/www.quadrisol.pt\/fr\/wp-json\/wp\/v2\/posts\/11772\/revisions\/11786"}],"wp:featuredmedia":[{"embeddable":true,"href":"https:\/\/www.quadrisol.pt\/fr\/wp-json\/wp\/v2\/media\/11773"}],"wp:attachment":[{"href":"https:\/\/www.quadrisol.pt\/fr\/wp-json\/wp\/v2\/media?parent=11772"}],"wp:term":[{"taxonomy":"category","embeddable":true,"href":"https:\/\/www.quadrisol.pt\/fr\/wp-json\/wp\/v2\/categories?post=11772"},{"taxonomy":"post_tag","embeddable":true,"href":"https:\/\/www.quadrisol.pt\/fr\/wp-json\/wp\/v2\/tags?post=11772"}],"curies":[{"name":"wp","href":"https:\/\/api.w.org\/{rel}","templated":true}]}}