{"id":11789,"date":"2022-12-30T14:54:44","date_gmt":"2022-12-30T14:54:44","guid":{"rendered":"https:\/\/www.quadrisol.pt\/?p=11789"},"modified":"2022-12-30T15:06:41","modified_gmt":"2022-12-30T15:06:41","slug":"candidaturas-para-paineis-fotovoltaicos","status":"publish","type":"post","link":"https:\/\/www.quadrisol.pt\/fr\/candidaturas-para-paineis-fotovoltaicos\/","title":{"rendered":"Candidaturas para pain\u00e9is fotovoltaicos nas explora\u00e7\u00f5es agr\u00edcolas"},"content":{"rendered":"<div data-elementor-type=\"wp-post\" data-elementor-id=\"11789\" class=\"elementor elementor-11789\">\n\t\t\t\t\t\t<section class=\"elementor-section elementor-top-section elementor-element elementor-element-4736853 elementor-section-boxed elementor-section-height-default elementor-section-height-default qodef-elementor-content-no\" data-id=\"4736853\" data-element_type=\"section\">\n\t\t\t\t\t\t<div class=\"elementor-container elementor-column-gap-default\">\n\t\t\t\t\t<div class=\"elementor-column elementor-col-100 elementor-top-column elementor-element elementor-element-e7b66d5\" data-id=\"e7b66d5\" data-element_type=\"column\">\n\t\t\t<div class=\"elementor-widget-wrap elementor-element-populated\">\n\t\t\t\t\t\t<div class=\"elementor-element elementor-element-39e9013 elementor-widget elementor-widget-qi_addons_for_elementor_dropcaps\" data-id=\"39e9013\" data-element_type=\"widget\" data-widget_type=\"qi_addons_for_elementor_dropcaps.default\">\n\t\t\t\t<div class=\"elementor-widget-container\">\n\t\t\t\t\t<div class=\"qodef-shortcode qodef-m qodef-qi-dropcaps\">\n\t\t\t<span class=\"qodef-m-letter\">\n\t\t\tE\t\t<\/span>\n\t\t<p class=\"qodef-m-text\">\n\t\t\tst\u00e3o abertas as candidaturas para aquisi\u00e7\u00e3o e instala\u00e7\u00e3o de pain\u00e9is fotovoltaicos nas explora\u00e7\u00f5es agr\u00edcolas, em unidades agroindustriais e aproveitamentos hidroagr\u00edcolas. Estes apoios contam com um refor\u00e7o global de 46 milh\u00f5es de euros, permitindo desta forma dar resposta ao compromisso assumido e aumentar a taxa de apoio aos agricultores.\t\t<\/p>\n\t<\/div>\n\t\t\t\t<\/div>\n\t\t\t\t<\/div>\n\t\t\t\t\t<\/div>\n\t\t<\/div>\n\t\t\t\t\t<\/div>\n\t\t<\/section>\n\t\t\t\t<section class=\"elementor-section elementor-top-section elementor-element elementor-element-0a0a165 elementor-section-boxed elementor-section-height-default elementor-section-height-default qodef-elementor-content-no\" data-id=\"0a0a165\" data-element_type=\"section\">\n\t\t\t\t\t\t<div class=\"elementor-container elementor-column-gap-default\">\n\t\t\t\t\t<div class=\"elementor-column elementor-col-100 elementor-top-column elementor-element elementor-element-9d334a6\" data-id=\"9d334a6\" data-element_type=\"column\">\n\t\t\t<div class=\"elementor-widget-wrap elementor-element-populated\">\n\t\t\t\t\t\t<div class=\"elementor-element elementor-element-6cceaee elementor-widget elementor-widget-text-editor\" data-id=\"6cceaee\" data-element_type=\"widget\" data-widget_type=\"text-editor.default\">\n\t\t\t\t<div class=\"elementor-widget-container\">\n\t\t\t\t\t\t\t\t\t<div>Para a Ministra da Agricultura e da Alimenta\u00e7\u00e3o, Maria do C\u00e9u Antunes, \u00ab\u00e9 ineg\u00e1vel que, neste desafio de escala global, precisamos de garantir uma transi\u00e7\u00e3o energ\u00e9tica r\u00e1pida, eficaz, inclusiva e justa, que permita mitigar os efeitos das altera\u00e7\u00f5es clim\u00e1ticas e da crise energ\u00e9tica e, ao mesmo tempo, assegurar a capacidade de produ\u00e7\u00e3o de alimentos seguros, de qualidade e a pre\u00e7os acess\u00edveis\u00bb.<\/div><div>\u00a0<\/div><div>A abertura destes avisos visa dotar as explora\u00e7\u00f5es agr\u00edcolas, as unidades agroindustriais e os aproveitamentos hidroagr\u00edcolas de capacidade de produ\u00e7\u00e3o de energia solar fotovoltaica face \u00e0s suas necessidades, contribuindo para a sua autossufici\u00eancia, moderniza\u00e7\u00e3o e descarboniza\u00e7\u00e3o do setor por via da redu\u00e7\u00e3o da utiliza\u00e7\u00e3o de combust\u00edveis fosseis.<\/div><div>\u00a0<\/div><div>\u00abA disponibilidade dos agricultores para assumirem esta transi\u00e7\u00e3o como um des\u00edgnio nacional \u00e9 acompanhada pelo governo, tamb\u00e9m mediante um refor\u00e7o das taxas de apoio de 40% para 70%. Um esfor\u00e7o coletivo essencial para garantirmos a sustentabilidade ambiental, social e econ\u00f3mica da agricultura nacional\u00bb, sublinha Maria do C\u00e9u Antunes.<\/div><div>\u00a0<\/div><div>At\u00e9 ao final do ano de 2022 ser\u00e1 ainda aberto novo aviso, com uma dota\u00e7\u00e3o de 1,5 milh\u00f5es de euros, especificamente para refor\u00e7o da sustentabilidade energ\u00e9tica dos aproveitamentos hidroagr\u00edcolas.<\/div><div>\u00a0<\/div><div>Mais informa\u00e7\u00f5es sobre os avisos:<a href=\"http:\/\/www.pdr-2020.pt\/\" target=\"_blank\" rel=\"noopener\">\u00a0http:\/\/www.pdr-2020.pt\/\u00a0<\/a><\/div><div>Fonte: <a href=\"https:\/\/www.portugal.gov.pt\/pt\/gc23\/comunicacao\/noticia?i=abertas-candidaturas-para-aquisicao-e-instalacao-de-paineis-fotovoltaicos-nas-exploracoes-agricolas\">https:\/\/www.portugal.gov.pt\/pt\/gc23\/comunicacao\/noticia?i=abertas-candidaturas-para-aquisicao-e-instalacao-de-paineis-fotovoltaicos-nas-exploracoes-agricolas<\/a><\/div>\t\t\t\t\t\t\t\t<\/div>\n\t\t\t\t<\/div>\n\t\t\t\t\t<\/div>\n\t\t<\/div>\n\t\t\t\t\t<\/div>\n\t\t<\/section>\n\t\t\t\t<\/div>","protected":false},"excerpt":{"rendered":"<p>E st\u00e3o abertas as candidaturas para aquisi\u00e7\u00e3o e instala\u00e7\u00e3o de pain\u00e9is fotovoltaicos nas explora\u00e7\u00f5es agr\u00edcolas, em unidades agroindustriais e aproveitamentos hidroagr\u00edcolas. Estes apoios contam com um refor\u00e7o global de 46 milh\u00f5es de euros, permitindo desta forma dar resposta ao compromisso assumido e aumentar a taxa de apoio aos agricultores. Para a Ministra da Agricultura e [&hellip;]<\/p>","protected":false},"author":2,"featured_media":11795,"comment_status":"closed","ping_status":"closed","sticky":false,"template":"","format":"standard","meta":{"footnotes":""},"categories":[85],"tags":[],"class_list":["post-11789","post","type-post","status-publish","format-standard","has-post-thumbnail","hentry","category-fotovoltaico"],"yoast_head":"<!-- This site is optimized with the Yoast SEO plugin v27.5 - https:\/\/yoast.com\/product\/yoast-seo-wordpress\/ -->\n<title>Candidaturas para pain\u00e9is fotovoltaicos - Quadrisol<\/title>\n<meta name=\"description\" content=\"Candidaturas para pain\u00e9is fotovoltaicos nas explora\u00e7\u00f5es agr\u00edcolas, em unidades agroindustriais e aproveitamentos hidroagr\u00edcolas.\" \/>\n<meta name=\"robots\" content=\"index, follow, max-snippet:-1, max-image-preview:large, max-video-preview:-1\" \/>\n<link rel=\"canonical\" href=\"https:\/\/www.quadrisol.pt\/fr\/candidaturas-para-paineis-fotovoltaicos\/\" \/>\n<meta property=\"og:locale\" content=\"fr_FR\" \/>\n<meta property=\"og:type\" content=\"article\" \/>\n<meta property=\"og:title\" content=\"Candidaturas para pain\u00e9is fotovoltaicos - Quadrisol\" \/>\n<meta property=\"og:description\" content=\"Candidaturas para pain\u00e9is fotovoltaicos nas explora\u00e7\u00f5es agr\u00edcolas, em unidades agroindustriais e aproveitamentos hidroagr\u00edcolas.\" \/>\n<meta property=\"og:url\" content=\"https:\/\/www.quadrisol.pt\/fr\/candidaturas-para-paineis-fotovoltaicos\/\" \/>\n<meta property=\"og:site_name\" content=\"Quadrisol\" \/>\n<meta property=\"article:published_time\" content=\"2022-12-30T14:54:44+00:00\" \/>\n<meta property=\"article:modified_time\" content=\"2022-12-30T15:06:41+00:00\" \/>\n<meta property=\"og:image\" content=\"https:\/\/www.quadrisol.pt\/wp-content\/uploads\/2022\/12\/Candidaturas-para-paineis-fotovoltaicos-nas-exploraccoes-agricolas.jpg\" \/>\n\t<meta property=\"og:image:width\" content=\"1300\" \/>\n\t<meta property=\"og:image:height\" content=\"765\" \/>\n\t<meta property=\"og:image:type\" content=\"image\/jpeg\" \/>\n<meta name=\"author\" content=\"quadrisol-admin\" \/>\n<meta name=\"twitter:card\" content=\"summary_large_image\" \/>\n<meta name=\"twitter:label1\" content=\"\u00c9crit par\" \/>\n\t<meta name=\"twitter:data1\" content=\"quadrisol-admin\" \/>\n\t<meta name=\"twitter:label2\" content=\"Dur\u00e9e de lecture estim\u00e9e\" \/>\n\t<meta name=\"twitter:data2\" content=\"2 minutes\" \/>\n<script type=\"application\/ld+json\" class=\"yoast-schema-graph\">{\"@context\":\"https:\\\/\\\/schema.org\",\"@graph\":[{\"@type\":\"Article\",\"@id\":\"https:\\\/\\\/www.quadrisol.pt\\\/candidaturas-para-paineis-fotovoltaicos\\\/#article\",\"isPartOf\":{\"@id\":\"https:\\\/\\\/www.quadrisol.pt\\\/candidaturas-para-paineis-fotovoltaicos\\\/\"},\"author\":{\"name\":\"quadrisol-admin\",\"@id\":\"https:\\\/\\\/www.quadrisol.pt\\\/#\\\/schema\\\/person\\\/8bda54c560678075e0bccb85ff38709f\"},\"headline\":\"Candidaturas para pain\u00e9is fotovoltaicos nas explora\u00e7\u00f5es agr\u00edcolas\",\"datePublished\":\"2022-12-30T14:54:44+00:00\",\"dateModified\":\"2022-12-30T15:06:41+00:00\",\"mainEntityOfPage\":{\"@id\":\"https:\\\/\\\/www.quadrisol.pt\\\/candidaturas-para-paineis-fotovoltaicos\\\/\"},\"wordCount\":308,\"publisher\":{\"@id\":\"https:\\\/\\\/www.quadrisol.pt\\\/#organization\"},\"image\":{\"@id\":\"https:\\\/\\\/www.quadrisol.pt\\\/candidaturas-para-paineis-fotovoltaicos\\\/#primaryimage\"},\"thumbnailUrl\":\"https:\\\/\\\/www.quadrisol.pt\\\/wp-content\\\/uploads\\\/2022\\\/12\\\/Candidaturas-para-paineis-fotovoltaicos-nas-exploraccoes-agricolas.jpg\",\"articleSection\":[\"Fotovoltaico\"],\"inLanguage\":\"fr-FR\"},{\"@type\":\"WebPage\",\"@id\":\"https:\\\/\\\/www.quadrisol.pt\\\/candidaturas-para-paineis-fotovoltaicos\\\/\",\"url\":\"https:\\\/\\\/www.quadrisol.pt\\\/candidaturas-para-paineis-fotovoltaicos\\\/\",\"name\":\"Candidaturas para pain\u00e9is fotovoltaicos - Quadrisol\",\"isPartOf\":{\"@id\":\"https:\\\/\\\/www.quadrisol.pt\\\/#website\"},\"primaryImageOfPage\":{\"@id\":\"https:\\\/\\\/www.quadrisol.pt\\\/candidaturas-para-paineis-fotovoltaicos\\\/#primaryimage\"},\"image\":{\"@id\":\"https:\\\/\\\/www.quadrisol.pt\\\/candidaturas-para-paineis-fotovoltaicos\\\/#primaryimage\"},\"thumbnailUrl\":\"https:\\\/\\\/www.quadrisol.pt\\\/wp-content\\\/uploads\\\/2022\\\/12\\\/Candidaturas-para-paineis-fotovoltaicos-nas-exploraccoes-agricolas.jpg\",\"datePublished\":\"2022-12-30T14:54:44+00:00\",\"dateModified\":\"2022-12-30T15:06:41+00:00\",\"description\":\"Candidaturas para pain\u00e9is fotovoltaicos nas explora\u00e7\u00f5es agr\u00edcolas, em unidades agroindustriais e aproveitamentos hidroagr\u00edcolas.\",\"breadcrumb\":{\"@id\":\"https:\\\/\\\/www.quadrisol.pt\\\/candidaturas-para-paineis-fotovoltaicos\\\/#breadcrumb\"},\"inLanguage\":\"fr-FR\",\"potentialAction\":[{\"@type\":\"ReadAction\",\"target\":[\"https:\\\/\\\/www.quadrisol.pt\\\/candidaturas-para-paineis-fotovoltaicos\\\/\"]}]},{\"@type\":\"ImageObject\",\"inLanguage\":\"fr-FR\",\"@id\":\"https:\\\/\\\/www.quadrisol.pt\\\/candidaturas-para-paineis-fotovoltaicos\\\/#primaryimage\",\"url\":\"https:\\\/\\\/www.quadrisol.pt\\\/wp-content\\\/uploads\\\/2022\\\/12\\\/Candidaturas-para-paineis-fotovoltaicos-nas-exploraccoes-agricolas.jpg\",\"contentUrl\":\"https:\\\/\\\/www.quadrisol.pt\\\/wp-content\\\/uploads\\\/2022\\\/12\\\/Candidaturas-para-paineis-fotovoltaicos-nas-exploraccoes-agricolas.jpg\",\"width\":1300,\"height\":765,\"caption\":\"Candidaturas-para-paineis-fotovoltaicos-nas-explorac\u00e7\u00f5es-agricolas\"},{\"@type\":\"BreadcrumbList\",\"@id\":\"https:\\\/\\\/www.quadrisol.pt\\\/candidaturas-para-paineis-fotovoltaicos\\\/#breadcrumb\",\"itemListElement\":[{\"@type\":\"ListItem\",\"position\":1,\"name\":\"Home\",\"item\":\"https:\\\/\\\/www.quadrisol.pt\\\/\"},{\"@type\":\"ListItem\",\"position\":2,\"name\":\"Candidaturas para pain\u00e9is fotovoltaicos nas explora\u00e7\u00f5es agr\u00edcolas\"}]},{\"@type\":\"WebSite\",\"@id\":\"https:\\\/\\\/www.quadrisol.pt\\\/#website\",\"url\":\"https:\\\/\\\/www.quadrisol.pt\\\/\",\"name\":\"Quadrisol\",\"description\":\"Quadros El\u00e9tricos - Fabricante de quadros el\u00e9tricos e distribuidor de sistemas fotovoltaicos\",\"publisher\":{\"@id\":\"https:\\\/\\\/www.quadrisol.pt\\\/#organization\"},\"potentialAction\":[{\"@type\":\"SearchAction\",\"target\":{\"@type\":\"EntryPoint\",\"urlTemplate\":\"https:\\\/\\\/www.quadrisol.pt\\\/?s={search_term_string}\"},\"query-input\":{\"@type\":\"PropertyValueSpecification\",\"valueRequired\":true,\"valueName\":\"search_term_string\"}}],\"inLanguage\":\"fr-FR\"},{\"@type\":\"Organization\",\"@id\":\"https:\\\/\\\/www.quadrisol.pt\\\/#organization\",\"name\":\"Quadrisol\",\"url\":\"https:\\\/\\\/www.quadrisol.pt\\\/\",\"logo\":{\"@type\":\"ImageObject\",\"inLanguage\":\"fr-FR\",\"@id\":\"https:\\\/\\\/www.quadrisol.pt\\\/#\\\/schema\\\/logo\\\/image\\\/\",\"url\":\"https:\\\/\\\/www.quadrisol.pt\\\/wp-content\\\/uploads\\\/2022\\\/03\\\/cropped-logo-topo.png\",\"contentUrl\":\"https:\\\/\\\/www.quadrisol.pt\\\/wp-content\\\/uploads\\\/2022\\\/03\\\/cropped-logo-topo.png\",\"width\":601,\"height\":123,\"caption\":\"Quadrisol\"},\"image\":{\"@id\":\"https:\\\/\\\/www.quadrisol.pt\\\/#\\\/schema\\\/logo\\\/image\\\/\"},\"sameAs\":[\"https:\\\/\\\/pt.linkedin.com\\\/company\\\/quadrisol\"]},{\"@type\":\"Person\",\"@id\":\"https:\\\/\\\/www.quadrisol.pt\\\/#\\\/schema\\\/person\\\/8bda54c560678075e0bccb85ff38709f\",\"name\":\"quadrisol-admin\",\"url\":\"https:\\\/\\\/www.quadrisol.pt\\\/fr\\\/author\\\/quadrisol-admin\\\/\"}]}<\/script>\n<!-- \/ Yoast SEO plugin. -->","yoast_head_json":{"title":"Candidaturas para pain\u00e9is fotovoltaicos - Quadrisol","description":"Candidaturas para pain\u00e9is fotovoltaicos nas explora\u00e7\u00f5es agr\u00edcolas, em unidades agroindustriais e aproveitamentos hidroagr\u00edcolas.","robots":{"index":"index","follow":"follow","max-snippet":"max-snippet:-1","max-image-preview":"max-image-preview:large","max-video-preview":"max-video-preview:-1"},"canonical":"https:\/\/www.quadrisol.pt\/fr\/candidaturas-para-paineis-fotovoltaicos\/","og_locale":"fr_FR","og_type":"article","og_title":"Candidaturas para pain\u00e9is fotovoltaicos - Quadrisol","og_description":"Candidaturas para pain\u00e9is fotovoltaicos nas explora\u00e7\u00f5es agr\u00edcolas, em unidades agroindustriais e aproveitamentos hidroagr\u00edcolas.","og_url":"https:\/\/www.quadrisol.pt\/fr\/candidaturas-para-paineis-fotovoltaicos\/","og_site_name":"Quadrisol","article_published_time":"2022-12-30T14:54:44+00:00","article_modified_time":"2022-12-30T15:06:41+00:00","og_image":[{"width":1300,"height":765,"url":"https:\/\/www.quadrisol.pt\/wp-content\/uploads\/2022\/12\/Candidaturas-para-paineis-fotovoltaicos-nas-exploraccoes-agricolas.jpg","type":"image\/jpeg"}],"author":"quadrisol-admin","twitter_card":"summary_large_image","twitter_misc":{"\u00c9crit par":"quadrisol-admin","Dur\u00e9e de lecture estim\u00e9e":"2 minutes"},"schema":{"@context":"https:\/\/schema.org","@graph":[{"@type":"Article","@id":"https:\/\/www.quadrisol.pt\/candidaturas-para-paineis-fotovoltaicos\/#article","isPartOf":{"@id":"https:\/\/www.quadrisol.pt\/candidaturas-para-paineis-fotovoltaicos\/"},"author":{"name":"quadrisol-admin","@id":"https:\/\/www.quadrisol.pt\/#\/schema\/person\/8bda54c560678075e0bccb85ff38709f"},"headline":"Candidaturas para pain\u00e9is fotovoltaicos nas explora\u00e7\u00f5es agr\u00edcolas","datePublished":"2022-12-30T14:54:44+00:00","dateModified":"2022-12-30T15:06:41+00:00","mainEntityOfPage":{"@id":"https:\/\/www.quadrisol.pt\/candidaturas-para-paineis-fotovoltaicos\/"},"wordCount":308,"publisher":{"@id":"https:\/\/www.quadrisol.pt\/#organization"},"image":{"@id":"https:\/\/www.quadrisol.pt\/candidaturas-para-paineis-fotovoltaicos\/#primaryimage"},"thumbnailUrl":"https:\/\/www.quadrisol.pt\/wp-content\/uploads\/2022\/12\/Candidaturas-para-paineis-fotovoltaicos-nas-exploraccoes-agricolas.jpg","articleSection":["Fotovoltaico"],"inLanguage":"fr-FR"},{"@type":"WebPage","@id":"https:\/\/www.quadrisol.pt\/candidaturas-para-paineis-fotovoltaicos\/","url":"https:\/\/www.quadrisol.pt\/candidaturas-para-paineis-fotovoltaicos\/","name":"Candidaturas para pain\u00e9is fotovoltaicos - Quadrisol","isPartOf":{"@id":"https:\/\/www.quadrisol.pt\/#website"},"primaryImageOfPage":{"@id":"https:\/\/www.quadrisol.pt\/candidaturas-para-paineis-fotovoltaicos\/#primaryimage"},"image":{"@id":"https:\/\/www.quadrisol.pt\/candidaturas-para-paineis-fotovoltaicos\/#primaryimage"},"thumbnailUrl":"https:\/\/www.quadrisol.pt\/wp-content\/uploads\/2022\/12\/Candidaturas-para-paineis-fotovoltaicos-nas-exploraccoes-agricolas.jpg","datePublished":"2022-12-30T14:54:44+00:00","dateModified":"2022-12-30T15:06:41+00:00","description":"Candidaturas para pain\u00e9is fotovoltaicos nas explora\u00e7\u00f5es agr\u00edcolas, em unidades agroindustriais e aproveitamentos hidroagr\u00edcolas.","breadcrumb":{"@id":"https:\/\/www.quadrisol.pt\/candidaturas-para-paineis-fotovoltaicos\/#breadcrumb"},"inLanguage":"fr-FR","potentialAction":[{"@type":"ReadAction","target":["https:\/\/www.quadrisol.pt\/candidaturas-para-paineis-fotovoltaicos\/"]}]},{"@type":"ImageObject","inLanguage":"fr-FR","@id":"https:\/\/www.quadrisol.pt\/candidaturas-para-paineis-fotovoltaicos\/#primaryimage","url":"https:\/\/www.quadrisol.pt\/wp-content\/uploads\/2022\/12\/Candidaturas-para-paineis-fotovoltaicos-nas-exploraccoes-agricolas.jpg","contentUrl":"https:\/\/www.quadrisol.pt\/wp-content\/uploads\/2022\/12\/Candidaturas-para-paineis-fotovoltaicos-nas-exploraccoes-agricolas.jpg","width":1300,"height":765,"caption":"Candidaturas-para-paineis-fotovoltaicos-nas-explorac\u00e7\u00f5es-agricolas"},{"@type":"BreadcrumbList","@id":"https:\/\/www.quadrisol.pt\/candidaturas-para-paineis-fotovoltaicos\/#breadcrumb","itemListElement":[{"@type":"ListItem","position":1,"name":"Home","item":"https:\/\/www.quadrisol.pt\/"},{"@type":"ListItem","position":2,"name":"Candidaturas para pain\u00e9is fotovoltaicos nas explora\u00e7\u00f5es agr\u00edcolas"}]},{"@type":"WebSite","@id":"https:\/\/www.quadrisol.pt\/#website","url":"https:\/\/www.quadrisol.pt\/","name":"Quadrisol","description":"Quadros El\u00e9tricos - Fabricante de quadros el\u00e9tricos e distribuidor de sistemas fotovoltaicos","publisher":{"@id":"https:\/\/www.quadrisol.pt\/#organization"},"potentialAction":[{"@type":"SearchAction","target":{"@type":"EntryPoint","urlTemplate":"https:\/\/www.quadrisol.pt\/?s={search_term_string}"},"query-input":{"@type":"PropertyValueSpecification","valueRequired":true,"valueName":"search_term_string"}}],"inLanguage":"fr-FR"},{"@type":"Organization","@id":"https:\/\/www.quadrisol.pt\/#organization","name":"Quadrisol","url":"https:\/\/www.quadrisol.pt\/","logo":{"@type":"ImageObject","inLanguage":"fr-FR","@id":"https:\/\/www.quadrisol.pt\/#\/schema\/logo\/image\/","url":"https:\/\/www.quadrisol.pt\/wp-content\/uploads\/2022\/03\/cropped-logo-topo.png","contentUrl":"https:\/\/www.quadrisol.pt\/wp-content\/uploads\/2022\/03\/cropped-logo-topo.png","width":601,"height":123,"caption":"Quadrisol"},"image":{"@id":"https:\/\/www.quadrisol.pt\/#\/schema\/logo\/image\/"},"sameAs":["https:\/\/pt.linkedin.com\/company\/quadrisol"]},{"@type":"Person","@id":"https:\/\/www.quadrisol.pt\/#\/schema\/person\/8bda54c560678075e0bccb85ff38709f","name":"quadrisol-admin","url":"https:\/\/www.quadrisol.pt\/fr\/author\/quadrisol-admin\/"}]}},"_links":{"self":[{"href":"https:\/\/www.quadrisol.pt\/fr\/wp-json\/wp\/v2\/posts\/11789","targetHints":{"allow":["GET"]}}],"collection":[{"href":"https:\/\/www.quadrisol.pt\/fr\/wp-json\/wp\/v2\/posts"}],"about":[{"href":"https:\/\/www.quadrisol.pt\/fr\/wp-json\/wp\/v2\/types\/post"}],"author":[{"embeddable":true,"href":"https:\/\/www.quadrisol.pt\/fr\/wp-json\/wp\/v2\/users\/2"}],"replies":[{"embeddable":true,"href":"https:\/\/www.quadrisol.pt\/fr\/wp-json\/wp\/v2\/comments?post=11789"}],"version-history":[{"count":6,"href":"https:\/\/www.quadrisol.pt\/fr\/wp-json\/wp\/v2\/posts\/11789\/revisions"}],"predecessor-version":[{"id":11847,"href":"https:\/\/www.quadrisol.pt\/fr\/wp-json\/wp\/v2\/posts\/11789\/revisions\/11847"}],"wp:featuredmedia":[{"embeddable":true,"href":"https:\/\/www.quadrisol.pt\/fr\/wp-json\/wp\/v2\/media\/11795"}],"wp:attachment":[{"href":"https:\/\/www.quadrisol.pt\/fr\/wp-json\/wp\/v2\/media?parent=11789"}],"wp:term":[{"taxonomy":"category","embeddable":true,"href":"https:\/\/www.quadrisol.pt\/fr\/wp-json\/wp\/v2\/categories?post=11789"},{"taxonomy":"post_tag","embeddable":true,"href":"https:\/\/www.quadrisol.pt\/fr\/wp-json\/wp\/v2\/tags?post=11789"}],"curies":[{"name":"wp","href":"https:\/\/api.w.org\/{rel}","templated":true}]}}