{"id":11845,"date":"2023-02-14T11:46:31","date_gmt":"2023-02-14T11:46:31","guid":{"rendered":"https:\/\/www.quadrisol.pt\/?p=11845"},"modified":"2023-02-14T12:02:38","modified_gmt":"2023-02-14T12:02:38","slug":"quadrisol-estara-presente-no-genera","status":"publish","type":"post","link":"https:\/\/www.quadrisol.pt\/fr\/quadrisol-estara-presente-no-genera\/","title":{"rendered":"A QUADRISOL vem por este meio anunciar a sua presen\u00e7a na feira da GENERA 2023."},"content":{"rendered":"<div data-elementor-type=\"wp-post\" data-elementor-id=\"11845\" class=\"elementor elementor-11845\">\n\t\t\t\t\t\t<section class=\"elementor-section elementor-top-section elementor-element elementor-element-8b970b0 elementor-section-boxed elementor-section-height-default elementor-section-height-default qodef-elementor-content-no\" data-id=\"8b970b0\" data-element_type=\"section\">\n\t\t\t\t\t\t<div class=\"elementor-container elementor-column-gap-default\">\n\t\t\t\t\t<div class=\"elementor-column elementor-col-100 elementor-top-column elementor-element elementor-element-d6a2196\" data-id=\"d6a2196\" data-element_type=\"column\">\n\t\t\t<div class=\"elementor-widget-wrap elementor-element-populated\">\n\t\t\t\t\t\t<div class=\"elementor-element elementor-element-3b5322a elementor-widget elementor-widget-qi_addons_for_elementor_dropcaps\" data-id=\"3b5322a\" data-element_type=\"widget\" data-widget_type=\"qi_addons_for_elementor_dropcaps.default\">\n\t\t\t\t<div class=\"elementor-widget-container\">\n\t\t\t\t\t<div class=\"qodef-shortcode qodef-m qodef-qi-dropcaps\">\n\t\t\t<span class=\"qodef-m-letter\">\n\t\t\tE\t\t<\/span>\n\t\t<p class=\"qodef-m-text\">\n\t\t\tsta feira realiza-se nos pr\u00f3ximos dias 21, 22 e 23 de fevereiro, no recinto da IFEMA (Madrid). Teremos todo o gosto em dar-vos a conhecer todas as nossas novidades desenvolvidas especialmente para este evento. \n\nSomos fabricantes de quadros el\u00e9tricos, mas muito especializados no fabrico de quadros el\u00e9tricos destinados \u00e0s instala\u00e7\u00f5es fotovoltaicas. \t\t<\/p>\n\t<\/div>\n\t\t\t\t<\/div>\n\t\t\t\t<\/div>\n\t\t\t\t<div class=\"elementor-element elementor-element-3faf9d1 elementor-widget elementor-widget-text-editor\" data-id=\"3faf9d1\" data-element_type=\"widget\" data-widget_type=\"text-editor.default\">\n\t\t\t\t<div class=\"elementor-widget-container\">\n\t\t\t\t\t\t\t\t\t<p>Tamb\u00e9m somos distribuidores de equipamentos para sistemas fotovoltaicos, dispondo de solu\u00e7\u00f5es de m\u00f3dulos fotovoltaicos, inversores solares, estruturas em alum\u00ednio, baterias de l\u00edtio, Kit\u00b4s para autoconsumo, conectores MC4, cabos, entre outros acess\u00f3rios para as instala\u00e7\u00f5es fotovoltaicas.<\/p><p>N\u00e3o perca a sua oportunidade de conhecer a nossa gama de produtos e respetivos servi\u00e7os. Venha-nos visitar no nosso stand 08E20 (Pavilh\u00e3o n\u00ba8).<\/p><p>At\u00e9 breve!<\/p>\t\t\t\t\t\t\t\t<\/div>\n\t\t\t\t<\/div>\n\t\t\t\t\t<\/div>\n\t\t<\/div>\n\t\t\t\t\t<\/div>\n\t\t<\/section>\n\t\t\t\t<section class=\"elementor-section elementor-top-section elementor-element elementor-element-e9a3317 elementor-section-boxed elementor-section-height-default elementor-section-height-default qodef-elementor-content-no\" data-id=\"e9a3317\" data-element_type=\"section\">\n\t\t\t\t\t\t<div class=\"elementor-container elementor-column-gap-default\">\n\t\t\t\t\t<div class=\"elementor-column elementor-col-100 elementor-top-column elementor-element elementor-element-f2de5f0\" data-id=\"f2de5f0\" data-element_type=\"column\">\n\t\t\t<div class=\"elementor-widget-wrap elementor-element-populated\">\n\t\t\t\t\t\t<div class=\"elementor-element elementor-element-1e4dd3d elementor-widget-divider--view-line elementor-widget elementor-widget-divider\" data-id=\"1e4dd3d\" data-element_type=\"widget\" data-widget_type=\"divider.default\">\n\t\t\t\t<div class=\"elementor-widget-container\">\n\t\t\t\t\t\t\t<div class=\"elementor-divider\">\n\t\t\t<span class=\"elementor-divider-separator\">\n\t\t\t\t\t\t<\/span>\n\t\t<\/div>\n\t\t\t\t\t\t<\/div>\n\t\t\t\t<\/div>\n\t\t\t\t\t<\/div>\n\t\t<\/div>\n\t\t\t\t\t<\/div>\n\t\t<\/section>\n\t\t\t\t<section class=\"elementor-section elementor-top-section elementor-element elementor-element-4873b2f elementor-section-boxed elementor-section-height-default elementor-section-height-default qodef-elementor-content-no\" data-id=\"4873b2f\" data-element_type=\"section\">\n\t\t\t\t\t\t<div class=\"elementor-container elementor-column-gap-default\">\n\t\t\t\t\t<div class=\"elementor-column elementor-col-100 elementor-top-column elementor-element elementor-element-fad705d\" data-id=\"fad705d\" data-element_type=\"column\">\n\t\t\t<div class=\"elementor-widget-wrap elementor-element-populated\">\n\t\t\t\t\t\t<div class=\"elementor-element elementor-element-ce735cb elementor-widget elementor-widget-qi_addons_for_elementor_dropcaps\" data-id=\"ce735cb\" data-element_type=\"widget\" data-widget_type=\"qi_addons_for_elementor_dropcaps.default\">\n\t\t\t\t<div class=\"elementor-widget-container\">\n\t\t\t\t\t<div class=\"qodef-shortcode qodef-m qodef-qi-dropcaps\">\n\t\t\t<span class=\"qodef-m-letter\">\n\t\t\tQ\t\t<\/span>\n\t\t<p class=\"qodef-m-text\">\n\t\t\tUADRISOL anuncia su presencia en la feria GENERA 2023 que tendr\u00e1 lugar en los d\u00edas 21, 22 y 23 de febrero, en el recinto ferial de IFEMA (Madrid).\n \nEstaremos encantados de mostrarte todas nuestras novedades desarrolladas esclusivamente para el evento.\n \t\t<\/p>\n\t<\/div>\n\t\t\t\t<\/div>\n\t\t\t\t<\/div>\n\t\t\t\t<div class=\"elementor-element elementor-element-cb8e558 elementor-widget elementor-widget-text-editor\" data-id=\"cb8e558\" data-element_type=\"widget\" data-widget_type=\"text-editor.default\">\n\t\t\t\t<div class=\"elementor-widget-container\">\n\t\t\t\t\t\t\t\t\t<p>En Quadrisol somos fabricantes de cuadros el\u00e9ctricos, con una amplia especializaci\u00f3n en la fabricaci\u00f3n de cuadros el\u00e9ctricos para instalaciones fotovoltaicas. <br \/><br \/>Tambi\u00e9n somos distribuidores de equipos para sistemas fotovoltaicos, ofreciendo soluciones de paneles fotovoltaicos, inversores solares, estructuras para fotovoltaica, bater\u00edas de litio, kits para autoconsumo, conectores MC4, cables, entre otros productos para las instalaciones fotovoltaicas.<br \/><br \/>No pierdas la oportunidad de descubrir nuestra gama de productos y servicios. Te esperamos en el Stand 08E20 (Pabell\u00f3n n\u00ba 8). <br \/><br \/>\u00a1Hasta pronto!<\/p>\t\t\t\t\t\t\t\t<\/div>\n\t\t\t\t<\/div>\n\t\t\t\t\t<\/div>\n\t\t<\/div>\n\t\t\t\t\t<\/div>\n\t\t<\/section>\n\t\t\t\t<\/div>","protected":false},"excerpt":{"rendered":"<p>E sta feira realiza-se nos pr\u00f3ximos dias 21, 22 e 23 de fevereiro, no recinto da IFEMA (Madrid). Teremos todo o gosto em dar-vos a conhecer todas as nossas novidades desenvolvidas especialmente para este evento. Somos fabricantes de quadros el\u00e9tricos, mas muito especializados no fabrico de quadros el\u00e9tricos destinados \u00e0s instala\u00e7\u00f5es fotovoltaicas. Tamb\u00e9m somos distribuidores [&hellip;]<\/p>","protected":false},"author":2,"featured_media":11854,"comment_status":"closed","ping_status":"closed","sticky":false,"template":"","format":"standard","meta":{"footnotes":""},"categories":[16],"tags":[],"class_list":["post-11845","post","type-post","status-publish","format-standard","has-post-thumbnail","hentry","category-institucional"],"yoast_head":"<!-- This site is optimized with the Yoast SEO plugin v27.5 - https:\/\/yoast.com\/product\/yoast-seo-wordpress\/ -->\n<title>Quadrisol estar\u00e1 presente no Genera<\/title>\n<meta name=\"description\" content=\"Quadrisol estar\u00e1 presente no Genera, nos pr\u00f3ximos dias 21, 22 e 23 de fevereiros de 2023. Venha nos conhecer e descobrir todas as novidades...\" \/>\n<meta name=\"robots\" content=\"index, follow, max-snippet:-1, max-image-preview:large, max-video-preview:-1\" \/>\n<link rel=\"canonical\" href=\"https:\/\/www.quadrisol.pt\/fr\/quadrisol-estara-presente-no-genera\/\" \/>\n<meta property=\"og:locale\" content=\"fr_FR\" \/>\n<meta property=\"og:type\" content=\"article\" \/>\n<meta property=\"og:title\" content=\"Quadrisol estar\u00e1 presente no Genera\" \/>\n<meta property=\"og:description\" content=\"Quadrisol estar\u00e1 presente no Genera, nos pr\u00f3ximos dias 21, 22 e 23 de fevereiros de 2023. Venha nos conhecer e descobrir todas as novidades...\" \/>\n<meta property=\"og:url\" content=\"https:\/\/www.quadrisol.pt\/fr\/quadrisol-estara-presente-no-genera\/\" \/>\n<meta property=\"og:site_name\" content=\"Quadrisol\" \/>\n<meta property=\"article:published_time\" content=\"2023-02-14T11:46:31+00:00\" \/>\n<meta property=\"article:modified_time\" content=\"2023-02-14T12:02:38+00:00\" \/>\n<meta property=\"og:image\" content=\"https:\/\/www.quadrisol.pt\/wp-content\/uploads\/2023\/02\/Quadrisol-genera-scaled.jpg\" \/>\n\t<meta property=\"og:image:width\" content=\"2560\" \/>\n\t<meta property=\"og:image:height\" content=\"1524\" \/>\n\t<meta property=\"og:image:type\" content=\"image\/jpeg\" \/>\n<meta name=\"author\" content=\"quadrisol-admin\" \/>\n<meta name=\"twitter:card\" content=\"summary_large_image\" \/>\n<meta name=\"twitter:label1\" content=\"\u00c9crit par\" \/>\n\t<meta name=\"twitter:data1\" content=\"quadrisol-admin\" \/>\n\t<meta name=\"twitter:label2\" content=\"Dur\u00e9e de lecture estim\u00e9e\" \/>\n\t<meta name=\"twitter:data2\" content=\"2 minutes\" \/>\n<script type=\"application\/ld+json\" class=\"yoast-schema-graph\">{\"@context\":\"https:\\\/\\\/schema.org\",\"@graph\":[{\"@type\":\"Article\",\"@id\":\"https:\\\/\\\/www.quadrisol.pt\\\/quadrisol-estara-presente-no-genera\\\/#article\",\"isPartOf\":{\"@id\":\"https:\\\/\\\/www.quadrisol.pt\\\/quadrisol-estara-presente-no-genera\\\/\"},\"author\":{\"name\":\"quadrisol-admin\",\"@id\":\"https:\\\/\\\/www.quadrisol.pt\\\/#\\\/schema\\\/person\\\/8bda54c560678075e0bccb85ff38709f\"},\"headline\":\"A QUADRISOL vem por este meio anunciar a sua presen\u00e7a na feira da GENERA 2023.\",\"datePublished\":\"2023-02-14T11:46:31+00:00\",\"dateModified\":\"2023-02-14T12:02:38+00:00\",\"mainEntityOfPage\":{\"@id\":\"https:\\\/\\\/www.quadrisol.pt\\\/quadrisol-estara-presente-no-genera\\\/\"},\"wordCount\":260,\"publisher\":{\"@id\":\"https:\\\/\\\/www.quadrisol.pt\\\/#organization\"},\"image\":{\"@id\":\"https:\\\/\\\/www.quadrisol.pt\\\/quadrisol-estara-presente-no-genera\\\/#primaryimage\"},\"thumbnailUrl\":\"https:\\\/\\\/www.quadrisol.pt\\\/wp-content\\\/uploads\\\/2023\\\/02\\\/Quadrisol-genera-scaled.jpg\",\"articleSection\":[\"Institucional\"],\"inLanguage\":\"fr-FR\"},{\"@type\":\"WebPage\",\"@id\":\"https:\\\/\\\/www.quadrisol.pt\\\/quadrisol-estara-presente-no-genera\\\/\",\"url\":\"https:\\\/\\\/www.quadrisol.pt\\\/quadrisol-estara-presente-no-genera\\\/\",\"name\":\"Quadrisol estar\u00e1 presente no Genera\",\"isPartOf\":{\"@id\":\"https:\\\/\\\/www.quadrisol.pt\\\/#website\"},\"primaryImageOfPage\":{\"@id\":\"https:\\\/\\\/www.quadrisol.pt\\\/quadrisol-estara-presente-no-genera\\\/#primaryimage\"},\"image\":{\"@id\":\"https:\\\/\\\/www.quadrisol.pt\\\/quadrisol-estara-presente-no-genera\\\/#primaryimage\"},\"thumbnailUrl\":\"https:\\\/\\\/www.quadrisol.pt\\\/wp-content\\\/uploads\\\/2023\\\/02\\\/Quadrisol-genera-scaled.jpg\",\"datePublished\":\"2023-02-14T11:46:31+00:00\",\"dateModified\":\"2023-02-14T12:02:38+00:00\",\"description\":\"Quadrisol estar\u00e1 presente no Genera, nos pr\u00f3ximos dias 21, 22 e 23 de fevereiros de 2023. Venha nos conhecer e descobrir todas as novidades...\",\"breadcrumb\":{\"@id\":\"https:\\\/\\\/www.quadrisol.pt\\\/quadrisol-estara-presente-no-genera\\\/#breadcrumb\"},\"inLanguage\":\"fr-FR\",\"potentialAction\":[{\"@type\":\"ReadAction\",\"target\":[\"https:\\\/\\\/www.quadrisol.pt\\\/quadrisol-estara-presente-no-genera\\\/\"]}]},{\"@type\":\"ImageObject\",\"inLanguage\":\"fr-FR\",\"@id\":\"https:\\\/\\\/www.quadrisol.pt\\\/quadrisol-estara-presente-no-genera\\\/#primaryimage\",\"url\":\"https:\\\/\\\/www.quadrisol.pt\\\/wp-content\\\/uploads\\\/2023\\\/02\\\/Quadrisol-genera-scaled.jpg\",\"contentUrl\":\"https:\\\/\\\/www.quadrisol.pt\\\/wp-content\\\/uploads\\\/2023\\\/02\\\/Quadrisol-genera-scaled.jpg\",\"width\":2560,\"height\":1524,\"caption\":\"Quadrisol-genera\"},{\"@type\":\"BreadcrumbList\",\"@id\":\"https:\\\/\\\/www.quadrisol.pt\\\/quadrisol-estara-presente-no-genera\\\/#breadcrumb\",\"itemListElement\":[{\"@type\":\"ListItem\",\"position\":1,\"name\":\"Home\",\"item\":\"https:\\\/\\\/www.quadrisol.pt\\\/\"},{\"@type\":\"ListItem\",\"position\":2,\"name\":\"A QUADRISOL vem por este meio anunciar a sua presen\u00e7a na feira da GENERA 2023.\"}]},{\"@type\":\"WebSite\",\"@id\":\"https:\\\/\\\/www.quadrisol.pt\\\/#website\",\"url\":\"https:\\\/\\\/www.quadrisol.pt\\\/\",\"name\":\"Quadrisol\",\"description\":\"Quadros El\u00e9tricos - Fabricante de quadros el\u00e9tricos e distribuidor de sistemas fotovoltaicos\",\"publisher\":{\"@id\":\"https:\\\/\\\/www.quadrisol.pt\\\/#organization\"},\"potentialAction\":[{\"@type\":\"SearchAction\",\"target\":{\"@type\":\"EntryPoint\",\"urlTemplate\":\"https:\\\/\\\/www.quadrisol.pt\\\/?s={search_term_string}\"},\"query-input\":{\"@type\":\"PropertyValueSpecification\",\"valueRequired\":true,\"valueName\":\"search_term_string\"}}],\"inLanguage\":\"fr-FR\"},{\"@type\":\"Organization\",\"@id\":\"https:\\\/\\\/www.quadrisol.pt\\\/#organization\",\"name\":\"Quadrisol\",\"url\":\"https:\\\/\\\/www.quadrisol.pt\\\/\",\"logo\":{\"@type\":\"ImageObject\",\"inLanguage\":\"fr-FR\",\"@id\":\"https:\\\/\\\/www.quadrisol.pt\\\/#\\\/schema\\\/logo\\\/image\\\/\",\"url\":\"https:\\\/\\\/www.quadrisol.pt\\\/wp-content\\\/uploads\\\/2022\\\/03\\\/cropped-logo-topo.png\",\"contentUrl\":\"https:\\\/\\\/www.quadrisol.pt\\\/wp-content\\\/uploads\\\/2022\\\/03\\\/cropped-logo-topo.png\",\"width\":601,\"height\":123,\"caption\":\"Quadrisol\"},\"image\":{\"@id\":\"https:\\\/\\\/www.quadrisol.pt\\\/#\\\/schema\\\/logo\\\/image\\\/\"},\"sameAs\":[\"https:\\\/\\\/pt.linkedin.com\\\/company\\\/quadrisol\"]},{\"@type\":\"Person\",\"@id\":\"https:\\\/\\\/www.quadrisol.pt\\\/#\\\/schema\\\/person\\\/8bda54c560678075e0bccb85ff38709f\",\"name\":\"quadrisol-admin\",\"url\":\"https:\\\/\\\/www.quadrisol.pt\\\/fr\\\/author\\\/quadrisol-admin\\\/\"}]}<\/script>\n<!-- \/ Yoast SEO plugin. -->","yoast_head_json":{"title":"Quadrisol estar\u00e1 presente no Genera","description":"Quadrisol estar\u00e1 presente no Genera, nos pr\u00f3ximos dias 21, 22 e 23 de fevereiros de 2023. Venha nos conhecer e descobrir todas as novidades...","robots":{"index":"index","follow":"follow","max-snippet":"max-snippet:-1","max-image-preview":"max-image-preview:large","max-video-preview":"max-video-preview:-1"},"canonical":"https:\/\/www.quadrisol.pt\/fr\/quadrisol-estara-presente-no-genera\/","og_locale":"fr_FR","og_type":"article","og_title":"Quadrisol estar\u00e1 presente no Genera","og_description":"Quadrisol estar\u00e1 presente no Genera, nos pr\u00f3ximos dias 21, 22 e 23 de fevereiros de 2023. Venha nos conhecer e descobrir todas as novidades...","og_url":"https:\/\/www.quadrisol.pt\/fr\/quadrisol-estara-presente-no-genera\/","og_site_name":"Quadrisol","article_published_time":"2023-02-14T11:46:31+00:00","article_modified_time":"2023-02-14T12:02:38+00:00","og_image":[{"width":2560,"height":1524,"url":"https:\/\/www.quadrisol.pt\/wp-content\/uploads\/2023\/02\/Quadrisol-genera-scaled.jpg","type":"image\/jpeg"}],"author":"quadrisol-admin","twitter_card":"summary_large_image","twitter_misc":{"\u00c9crit par":"quadrisol-admin","Dur\u00e9e de lecture estim\u00e9e":"2 minutes"},"schema":{"@context":"https:\/\/schema.org","@graph":[{"@type":"Article","@id":"https:\/\/www.quadrisol.pt\/quadrisol-estara-presente-no-genera\/#article","isPartOf":{"@id":"https:\/\/www.quadrisol.pt\/quadrisol-estara-presente-no-genera\/"},"author":{"name":"quadrisol-admin","@id":"https:\/\/www.quadrisol.pt\/#\/schema\/person\/8bda54c560678075e0bccb85ff38709f"},"headline":"A QUADRISOL vem por este meio anunciar a sua presen\u00e7a na feira da GENERA 2023.","datePublished":"2023-02-14T11:46:31+00:00","dateModified":"2023-02-14T12:02:38+00:00","mainEntityOfPage":{"@id":"https:\/\/www.quadrisol.pt\/quadrisol-estara-presente-no-genera\/"},"wordCount":260,"publisher":{"@id":"https:\/\/www.quadrisol.pt\/#organization"},"image":{"@id":"https:\/\/www.quadrisol.pt\/quadrisol-estara-presente-no-genera\/#primaryimage"},"thumbnailUrl":"https:\/\/www.quadrisol.pt\/wp-content\/uploads\/2023\/02\/Quadrisol-genera-scaled.jpg","articleSection":["Institucional"],"inLanguage":"fr-FR"},{"@type":"WebPage","@id":"https:\/\/www.quadrisol.pt\/quadrisol-estara-presente-no-genera\/","url":"https:\/\/www.quadrisol.pt\/quadrisol-estara-presente-no-genera\/","name":"Quadrisol estar\u00e1 presente no Genera","isPartOf":{"@id":"https:\/\/www.quadrisol.pt\/#website"},"primaryImageOfPage":{"@id":"https:\/\/www.quadrisol.pt\/quadrisol-estara-presente-no-genera\/#primaryimage"},"image":{"@id":"https:\/\/www.quadrisol.pt\/quadrisol-estara-presente-no-genera\/#primaryimage"},"thumbnailUrl":"https:\/\/www.quadrisol.pt\/wp-content\/uploads\/2023\/02\/Quadrisol-genera-scaled.jpg","datePublished":"2023-02-14T11:46:31+00:00","dateModified":"2023-02-14T12:02:38+00:00","description":"Quadrisol estar\u00e1 presente no Genera, nos pr\u00f3ximos dias 21, 22 e 23 de fevereiros de 2023. Venha nos conhecer e descobrir todas as novidades...","breadcrumb":{"@id":"https:\/\/www.quadrisol.pt\/quadrisol-estara-presente-no-genera\/#breadcrumb"},"inLanguage":"fr-FR","potentialAction":[{"@type":"ReadAction","target":["https:\/\/www.quadrisol.pt\/quadrisol-estara-presente-no-genera\/"]}]},{"@type":"ImageObject","inLanguage":"fr-FR","@id":"https:\/\/www.quadrisol.pt\/quadrisol-estara-presente-no-genera\/#primaryimage","url":"https:\/\/www.quadrisol.pt\/wp-content\/uploads\/2023\/02\/Quadrisol-genera-scaled.jpg","contentUrl":"https:\/\/www.quadrisol.pt\/wp-content\/uploads\/2023\/02\/Quadrisol-genera-scaled.jpg","width":2560,"height":1524,"caption":"Quadrisol-genera"},{"@type":"BreadcrumbList","@id":"https:\/\/www.quadrisol.pt\/quadrisol-estara-presente-no-genera\/#breadcrumb","itemListElement":[{"@type":"ListItem","position":1,"name":"Home","item":"https:\/\/www.quadrisol.pt\/"},{"@type":"ListItem","position":2,"name":"A QUADRISOL vem por este meio anunciar a sua presen\u00e7a na feira da GENERA 2023."}]},{"@type":"WebSite","@id":"https:\/\/www.quadrisol.pt\/#website","url":"https:\/\/www.quadrisol.pt\/","name":"Quadrisol","description":"Quadros El\u00e9tricos - Fabricante de quadros el\u00e9tricos e distribuidor de sistemas fotovoltaicos","publisher":{"@id":"https:\/\/www.quadrisol.pt\/#organization"},"potentialAction":[{"@type":"SearchAction","target":{"@type":"EntryPoint","urlTemplate":"https:\/\/www.quadrisol.pt\/?s={search_term_string}"},"query-input":{"@type":"PropertyValueSpecification","valueRequired":true,"valueName":"search_term_string"}}],"inLanguage":"fr-FR"},{"@type":"Organization","@id":"https:\/\/www.quadrisol.pt\/#organization","name":"Quadrisol","url":"https:\/\/www.quadrisol.pt\/","logo":{"@type":"ImageObject","inLanguage":"fr-FR","@id":"https:\/\/www.quadrisol.pt\/#\/schema\/logo\/image\/","url":"https:\/\/www.quadrisol.pt\/wp-content\/uploads\/2022\/03\/cropped-logo-topo.png","contentUrl":"https:\/\/www.quadrisol.pt\/wp-content\/uploads\/2022\/03\/cropped-logo-topo.png","width":601,"height":123,"caption":"Quadrisol"},"image":{"@id":"https:\/\/www.quadrisol.pt\/#\/schema\/logo\/image\/"},"sameAs":["https:\/\/pt.linkedin.com\/company\/quadrisol"]},{"@type":"Person","@id":"https:\/\/www.quadrisol.pt\/#\/schema\/person\/8bda54c560678075e0bccb85ff38709f","name":"quadrisol-admin","url":"https:\/\/www.quadrisol.pt\/fr\/author\/quadrisol-admin\/"}]}},"_links":{"self":[{"href":"https:\/\/www.quadrisol.pt\/fr\/wp-json\/wp\/v2\/posts\/11845","targetHints":{"allow":["GET"]}}],"collection":[{"href":"https:\/\/www.quadrisol.pt\/fr\/wp-json\/wp\/v2\/posts"}],"about":[{"href":"https:\/\/www.quadrisol.pt\/fr\/wp-json\/wp\/v2\/types\/post"}],"author":[{"embeddable":true,"href":"https:\/\/www.quadrisol.pt\/fr\/wp-json\/wp\/v2\/users\/2"}],"replies":[{"embeddable":true,"href":"https:\/\/www.quadrisol.pt\/fr\/wp-json\/wp\/v2\/comments?post=11845"}],"version-history":[{"count":5,"href":"https:\/\/www.quadrisol.pt\/fr\/wp-json\/wp\/v2\/posts\/11845\/revisions"}],"predecessor-version":[{"id":11851,"href":"https:\/\/www.quadrisol.pt\/fr\/wp-json\/wp\/v2\/posts\/11845\/revisions\/11851"}],"wp:featuredmedia":[{"embeddable":true,"href":"https:\/\/www.quadrisol.pt\/fr\/wp-json\/wp\/v2\/media\/11854"}],"wp:attachment":[{"href":"https:\/\/www.quadrisol.pt\/fr\/wp-json\/wp\/v2\/media?parent=11845"}],"wp:term":[{"taxonomy":"category","embeddable":true,"href":"https:\/\/www.quadrisol.pt\/fr\/wp-json\/wp\/v2\/categories?post=11845"},{"taxonomy":"post_tag","embeddable":true,"href":"https:\/\/www.quadrisol.pt\/fr\/wp-json\/wp\/v2\/tags?post=11845"}],"curies":[{"name":"wp","href":"https:\/\/api.w.org\/{rel}","templated":true}]}}